{"id":927,"date":"2023-09-20T17:59:01","date_gmt":"2023-09-20T14:59:01","guid":{"rendered":"https:\/\/www.estonsehirkoru.com\/blog\/?p=927"},"modified":"2023-09-20T17:59:01","modified_gmt":"2023-09-20T14:59:01","slug":"sonbaharin-ilk-esintileri-gardirobunuzu-eylul-modasiyla-guncelleyin","status":"publish","type":"post","link":"https:\/\/www.estonsehirkoru.com\/blog\/sonbaharin-ilk-esintileri-gardirobunuzu-eylul-modasiyla-guncelleyin\/","title":{"rendered":"Sonbahar\u0131n \u0130lk Esintileri: Gard\u0131robunuzu Eyl\u00fcl Modas\u0131yla G\u00fcncelleyin"},"content":{"rendered":"\n<p>Eyl\u00fcl ay\u0131 gelir gelmez, sonbahar\u0131n hafif esintileri ve renkleri kendini g\u00f6stermeye ba\u015flar. Bu mevsim ge\u00e7i\u015fi, gard\u0131robunuzu da yenileme zaman\u0131n\u0131n geldi\u011finin habercisidir. Sonbahar\u0131n s\u0131cak ve rahatlat\u0131c\u0131 havas\u0131, k\u0131yafet se\u00e7imlerinizi etkilerken gard\u0131robunuzu yenilemek i\u00e7in en iyi zaman\u0131 yakalay\u0131n!<\/p>\n\n\n\n<ol type=\"1\"><li><strong>Katmanl\u0131 Giyim:<\/strong> Sonbahar, s\u0131cakl\u0131k farklar\u0131na kar\u015f\u0131 haz\u0131rl\u0131kl\u0131 olmay\u0131 gerektirir. Katmanl\u0131 giyim, bu d\u00f6nemin vazge\u00e7ilmez bir par\u00e7as\u0131d\u0131r. \u0130nce kazaklar, hafif ceketler ve h\u0131rkalarla \u015f\u0131kl\u0131\u011f\u0131n\u0131z\u0131 ve s\u0131cakl\u0131\u011f\u0131n\u0131z\u0131 bir arada tutabilirsiniz.<\/li><li><strong>S\u0131cak Tonlar:<\/strong> Sonbahar\u0131n karakteristik renkleri olan k\u0131z\u0131l, turuncu, kahverengi ve hardal sar\u0131s\u0131 tonlar\u0131n\u0131 gard\u0131robunuza ta\u015f\u0131y\u0131n. Bu s\u0131cak tonlar hem mevsime uyum sa\u011flar hem de kombinlerinizi canland\u0131r\u0131r.<\/li><li><strong>Retro Dokunu\u015flar:<\/strong> Retro ve vintage tarzlar\u0131, sonbahar\u0131n nostaljik havas\u0131yla harika bir uyum yakalar. P\u00f6tikare desenler, y\u00fcnl\u00fc kuma\u015flar, geni\u015f yakal\u0131 bluzlar gibi retro dokunu\u015flarla tarz\u0131n\u0131za farkl\u0131l\u0131k katabilirsiniz.<\/li><li><strong>Rahat Ayakkab\u0131lar:<\/strong> Yava\u015f yava\u015f so\u011fuyan havalarda, rahat ve \u015f\u0131k ayakkab\u0131lar tercih etmek \u00f6nemlidir. Botlar, babetler ve hafif topuklu ayakkab\u0131lar, sonbahar kombinlerinizin tamamlay\u0131c\u0131s\u0131 olabilir.<\/li><li><strong>Do\u011fa \u0130lham\u0131:<\/strong> Sonbahar\u0131n kendine has do\u011fas\u0131n\u0131 giyim tarz\u0131n\u0131za yans\u0131tmak isterseniz, bitki desenli elbiseler, yaprak detayl\u0131 aksesuarlar veya do\u011fal tonlarda giysiler tercih edebilirsiniz.<\/li><\/ol>\n\n\n\n<p>Sonbahar\u0131n ilk esintileriyle gard\u0131robunuzu g\u00fcncellemek, hem tarz\u0131n\u0131za yenilik katman\u0131z\u0131 sa\u011flar hem de mevsimin tad\u0131n\u0131 \u00e7\u0131karman\u0131za yard\u0131mc\u0131 olur. Eyl\u00fcl modas\u0131yla gard\u0131robunuzu revize ederek, hem \u015f\u0131kl\u0131\u011f\u0131n\u0131z\u0131 koruyun hem de sonbahar\u0131n keyfini doyas\u0131ya ya\u015fay\u0131n. <\/p>\n","protected":false},"excerpt":{"rendered":"<p>Eyl\u00fcl ay\u0131 gelir gelmez, sonbahar\u0131n hafif esintileri ve renkleri kendini g\u00f6stermeye ba\u015flar. Bu mevsim ge\u00e7i\u015fi, gard\u0131robunuzu da yenileme zaman\u0131n\u0131n geldi\u011finin habercisidir. Sonbahar\u0131n s\u0131cak ve rahatlat\u0131c\u0131 havas\u0131, k\u0131yafet se\u00e7imlerinizi [&hellip;]<\/p>\n","protected":false},"author":1,"featured_media":928,"comment_status":"open","ping_status":"open","sticky":false,"template":"","format":"standard","meta":[],"categories":[1],"tags":[],"_links":{"self":[{"href":"https:\/\/www.estonsehirkoru.com\/blog\/wp-json\/wp\/v2\/posts\/927"}],"collection":[{"href":"https:\/\/www.estonsehirkoru.com\/blog\/wp-json\/wp\/v2\/posts"}],"about":[{"href":"https:\/\/www.estonsehirkoru.com\/blog\/wp-json\/wp\/v2\/types\/post"}],"author":[{"embeddable":true,"href":"https:\/\/www.estonsehirkoru.com\/blog\/wp-json\/wp\/v2\/users\/1"}],"replies":[{"embeddable":true,"href":"https:\/\/www.estonsehirkoru.com\/blog\/wp-json\/wp\/v2\/comments?post=927"}],"version-history":[{"count":1,"href":"https:\/\/www.estonsehirkoru.com\/blog\/wp-json\/wp\/v2\/posts\/927\/revisions"}],"predecessor-version":[{"id":929,"href":"https:\/\/www.estonsehirkoru.com\/blog\/wp-json\/wp\/v2\/posts\/927\/revisions\/929"}],"wp:featuredmedia":[{"embeddable":true,"href":"https:\/\/www.estonsehirkoru.com\/blog\/wp-json\/wp\/v2\/media\/928"}],"wp:attachment":[{"href":"https:\/\/www.estonsehirkoru.com\/blog\/wp-json\/wp\/v2\/media?parent=927"}],"wp:term":[{"taxonomy":"category","embeddable":true,"href":"https:\/\/www.estonsehirkoru.com\/blog\/wp-json\/wp\/v2\/categories?post=927"},{"taxonomy":"post_tag","embeddable":true,"href":"https:\/\/www.estonsehirkoru.com\/blog\/wp-json\/wp\/v2\/tags?post=927"}],"curies":[{"name":"wp","href":"https:\/\/api.w.org\/{rel}","templated":true}]}}