{"id":920,"date":"2023-09-06T18:13:28","date_gmt":"2023-09-06T15:13:28","guid":{"rendered":"https:\/\/www.estonsehirkoru.com\/blog\/?p=920"},"modified":"2023-09-06T18:16:17","modified_gmt":"2023-09-06T15:16:17","slug":"yaz-tatili-sonrasi-okula-hazirlama-cocuklarinizi-basariyla-donuse-hazirlayin","status":"publish","type":"post","link":"https:\/\/www.estonsehirkoru.com\/blog\/yaz-tatili-sonrasi-okula-hazirlama-cocuklarinizi-basariyla-donuse-hazirlayin\/","title":{"rendered":"Yaz Tatili Sonras\u0131 Okula Haz\u0131rlama: \u00c7ocuklar\u0131n\u0131z\u0131 Ba\u015far\u0131yla D\u00f6n\u00fc\u015fe Haz\u0131rlay\u0131n!"},"content":{"rendered":"\n<p>Yaz tatili, \u00e7ocuklar i\u00e7in e\u011flenceli ve dinlendirici bir d\u00f6nemdir; ancak okulun ba\u015flamas\u0131na yakla\u015f\u0131rken, \u00e7ocuklar\u0131 okula haz\u0131rlamak da \u00f6nemlidir. Okula d\u00f6n\u00fc\u015f, \u00e7ocuklar\u0131n yeni bir akademik y\u0131la ba\u015flama ve \u00f6\u011frenme s\u00fcrecine ad\u0131m atmas\u0131 demektir. \u0130\u015fte size \u00e7ocuklar\u0131n\u0131z\u0131 yaz tatili sonras\u0131 okula haz\u0131rlama i\u00e7in ad\u0131m ad\u0131m rehber:<\/p>\n\n\n\n<p>Ad\u0131m 1: Okul Ba\u015flang\u0131\u00e7 Tarihini Belirleyin<\/p>\n\n\n\n<p>Okulun ba\u015flama tarihini \u00f6nceden belirleyin ve \u00e7ocuklar\u0131n\u0131za hat\u0131rlat\u0131n. B\u00f6ylece onlar\u0131n zaman\u0131 bilerek haz\u0131rlanmalar\u0131na yard\u0131mc\u0131 olabilirsiniz.<\/p>\n\n\n\n<p>Ad\u0131m 2: Okul Malzemelerini Kontrol Edin<\/p>\n\n\n\n<p>\u00c7ocuklar\u0131n\u0131z\u0131n okul malzemelerini ve k\u0131rtasiye ihtiya\u00e7lar\u0131n\u0131 kontrol edin. Defterler, kalem, silgi, cetvel gibi temel malzemeleri yenilemek ve eksikleri tamamlamak i\u00e7in bir al\u0131\u015fveri\u015f listesi olu\u015fturun.<\/p>\n\n\n\n<p>Ad\u0131m 3: Okul K\u0131yafetlerini G\u00f6zden Ge\u00e7irin<\/p>\n\n\n\n<p>\u00c7ocuklar\u0131n\u0131z\u0131n okul k\u0131yafetlerini g\u00f6zden ge\u00e7irin ve ihtiya\u00e7 duyulanlar\u0131 belirleyin. B\u00fcy\u00fcm\u00fc\u015f veya y\u0131pranm\u0131\u015f k\u0131yafetleri ay\u0131klamak ve yeni k\u0131yafetlerle dolab\u0131 g\u00fcncellemek i\u00e7in al\u0131\u015fveri\u015f yap\u0131n.<\/p>\n\n\n\n<p>Ad\u0131m 4: Yaz Tatili \u00d6devlerini Tamamlay\u0131n<\/p>\n\n\n\n<p>Yaz tatili boyunca verilen \u00f6devleri tamamlamak i\u00e7in \u00e7ocuklar\u0131n\u0131za yard\u0131mc\u0131 olun. Okula d\u00f6n\u00fc\u015fte \u00f6devleri eksiksiz olarak teslim ederek yeni d\u00f6neme iyi bir ba\u015flang\u0131\u00e7 yapmalar\u0131na yard\u0131mc\u0131 olun.<\/p>\n\n\n\n<p>Ad\u0131m 5: Okula D\u00f6n\u00fc\u015f Al\u0131\u015fkanl\u0131klar\u0131 Olu\u015fturun<\/p>\n\n\n\n<p>Yaz tatilinde al\u0131\u015fkanl\u0131klar de\u011fi\u015febilir, bu nedenle okula d\u00f6n\u00fc\u015f i\u00e7in \u00e7ocuklar\u0131n\u0131z\u0131n d\u00fczenli bir uyku ve yeme al\u0131\u015fkanl\u0131klar\u0131n\u0131 tekrar olu\u015fturmalar\u0131na yard\u0131mc\u0131 olun. Erken yatmak ve sabahlar\u0131 d\u00fczenli bir kahvalt\u0131 yapmak, okul g\u00fcnlerinde daha enerjik ve odaklanm\u0131\u015f olmalar\u0131n\u0131 sa\u011flar.<\/p>\n\n\n\n<p>Ad\u0131m 6: Teknoloji Kullan\u0131m\u0131n\u0131 Kontrol Edin<\/p>\n\n\n\n<p>Yaz tatilinde daha fazla serbest zaman olabilir ve \u00e7ocuklar teknolojiye daha \u00e7ok y\u00f6nelebilir. Okula d\u00f6n\u00fc\u015fte teknoloji kullan\u0131m\u0131n\u0131 kontrol etmek i\u00e7in ekran s\u00fcrelerini belirleyin ve \u00f6dev ve ders \u00e7al\u0131\u015fma zamanlar\u0131na \u00f6ncelik verin.<\/p>\n\n\n\n<p>Ad\u0131m 7: Ailece Motive Olun<\/p>\n\n\n\n<p>Okula d\u00f6n\u00fc\u015f \u00f6ncesinde \u00e7ocuklar\u0131n\u0131zla konu\u015fun ve onlar\u0131 yeni akademik y\u0131la motive edin. Yeni d\u00f6nemde neler \u00f6\u011freneceklerini ve ba\u015faracaklar\u0131n\u0131 birlikte hayal edin ve onlar\u0131 destekleyin.<\/p>\n\n\n\n<p>Okula d\u00f6n\u00fc\u015f, yeni ba\u015flang\u0131\u00e7lar ve heyecan dolu bir s\u00fcre\u00e7tir. \u00c7ocuklar\u0131n\u0131z\u0131 bu s\u00fcre\u00e7te desteklemek ve onlar\u0131 okula haz\u0131rlamak, onlar\u0131n ba\u015far\u0131ya ula\u015fmalar\u0131n\u0131 sa\u011flar. Yaz tatili sonras\u0131 okula haz\u0131rl\u0131k s\u00fcrecini keyifli ve etkili bir \u015fekilde tamamlamak i\u00e7in birlikte hareket edin ve yeni d\u00f6nemde ba\u015far\u0131lar dileriz!<\/p>\n","protected":false},"excerpt":{"rendered":"<p>Yaz tatili, \u00e7ocuklar i\u00e7in e\u011flenceli ve dinlendirici bir d\u00f6nemdir; ancak okulun ba\u015flamas\u0131na yakla\u015f\u0131rken, \u00e7ocuklar\u0131 okula haz\u0131rlamak da \u00f6nemlidir. Okula d\u00f6n\u00fc\u015f, \u00e7ocuklar\u0131n yeni bir akademik y\u0131la ba\u015flama ve \u00f6\u011frenme [&hellip;]<\/p>\n","protected":false},"author":1,"featured_media":921,"comment_status":"open","ping_status":"open","sticky":false,"template":"","format":"standard","meta":[],"categories":[1],"tags":[],"_links":{"self":[{"href":"https:\/\/www.estonsehirkoru.com\/blog\/wp-json\/wp\/v2\/posts\/920"}],"collection":[{"href":"https:\/\/www.estonsehirkoru.com\/blog\/wp-json\/wp\/v2\/posts"}],"about":[{"href":"https:\/\/www.estonsehirkoru.com\/blog\/wp-json\/wp\/v2\/types\/post"}],"author":[{"embeddable":true,"href":"https:\/\/www.estonsehirkoru.com\/blog\/wp-json\/wp\/v2\/users\/1"}],"replies":[{"embeddable":true,"href":"https:\/\/www.estonsehirkoru.com\/blog\/wp-json\/wp\/v2\/comments?post=920"}],"version-history":[{"count":2,"href":"https:\/\/www.estonsehirkoru.com\/blog\/wp-json\/wp\/v2\/posts\/920\/revisions"}],"predecessor-version":[{"id":923,"href":"https:\/\/www.estonsehirkoru.com\/blog\/wp-json\/wp\/v2\/posts\/920\/revisions\/923"}],"wp:featuredmedia":[{"embeddable":true,"href":"https:\/\/www.estonsehirkoru.com\/blog\/wp-json\/wp\/v2\/media\/921"}],"wp:attachment":[{"href":"https:\/\/www.estonsehirkoru.com\/blog\/wp-json\/wp\/v2\/media?parent=920"}],"wp:term":[{"taxonomy":"category","embeddable":true,"href":"https:\/\/www.estonsehirkoru.com\/blog\/wp-json\/wp\/v2\/categories?post=920"},{"taxonomy":"post_tag","embeddable":true,"href":"https:\/\/www.estonsehirkoru.com\/blog\/wp-json\/wp\/v2\/tags?post=920"}],"curies":[{"name":"wp","href":"https:\/\/api.w.org\/{rel}","templated":true}]}}