{"id":901,"date":"2023-06-20T16:13:00","date_gmt":"2023-06-20T13:13:00","guid":{"rendered":"https:\/\/www.estonsehirkoru.com\/blog\/?p=901"},"modified":"2023-06-26T16:14:05","modified_gmt":"2023-06-26T13:14:05","slug":"yaz-aylarinda-sagliginizi-korumanin-onemi","status":"publish","type":"post","link":"https:\/\/www.estonsehirkoru.com\/blog\/yaz-aylarinda-sagliginizi-korumanin-onemi\/","title":{"rendered":"Yaz Aylar\u0131nda Sa\u011fl\u0131\u011f\u0131n\u0131z\u0131 Koruman\u0131n \u00d6nemi"},"content":{"rendered":"\n<p>Yaz aylar\u0131 g\u00fcne\u015fli ve s\u0131cak g\u00fcnlerin ya\u015fand\u0131\u011f\u0131 zaman dilimleridir. Bu d\u00f6nemde do\u011fru \u00f6nlemleri almak, s\u0131cak havalardan kaynaklanabilecek olumsuz etkileri en aza indirirken sa\u011fl\u0131\u011f\u0131n\u0131z\u0131 koruman\u0131z\u0131 sa\u011flar. Bu yaz\u0131da, size s\u0131cak havalara dikkat etmenin \u00f6nemini ve sa\u011fl\u0131\u011f\u0131n\u0131z\u0131 nas\u0131l koruyabilece\u011finizi anlataca\u011f\u0131m. \u0130\u015fte s\u0131cak havalara kar\u015f\u0131 alman\u0131z gereken \u00f6nlemler:<\/p>\n\n\n\n<ol><li>S\u0131v\u0131 T\u00fcketimi: Yaz aylar\u0131nda v\u00fccuttan daha fazla s\u0131v\u0131 kaybederiz. S\u0131cak havalarda terleme artar ve su kayb\u0131 meydana gelir. Bu nedenle yeterli miktarda su t\u00fcketmek \u00e7ok \u00f6nemlidir. G\u00fcnde en az 8-10 bardak su i\u00e7meye \u00f6zen g\u00f6sterin. Ayr\u0131ca, meyve sular\u0131, bitki \u00e7aylar\u0131 ve taze meyvelerle de s\u0131v\u0131 al\u0131m\u0131n\u0131 destekleyebilirsiniz.<\/li><li>G\u00fcne\u015f Korumas\u0131: G\u00fcne\u015fin zararl\u0131 UV \u0131\u015f\u0131nlar\u0131na maruz kalmak cilt sa\u011fl\u0131\u011f\u0131 i\u00e7in risk olu\u015fturur. G\u00fcne\u015fe \u00e7\u0131kmadan \u00f6nce mutlaka g\u00fcne\u015f koruyucu krem kullan\u0131n ve a\u00e7\u0131k renkli, hafif ve bol k\u0131yafetler tercih edin. \u015eapka, g\u00fcne\u015f g\u00f6zl\u00fc\u011f\u00fc ve g\u00f6lgelik alanlarda bulunarak cildinizi ve g\u00f6zlerinizi koruyun.<\/li><li>Serin Tutma: S\u0131cak havalarda serin kalmak \u00e7ok \u00f6nemlidir. Ev i\u00e7inde serin bir ortam sa\u011flamak i\u00e7in klima veya vantilat\u00f6r kullanabilirsiniz. Ayr\u0131ca, d\u0131\u015far\u0131da uzun s\u00fcre kalman\u0131z gerekti\u011finde g\u00f6lgelik alanlarda bulunmaya \u00f6zen g\u00f6sterin ve s\u0131k s\u0131k serin su ile du\u015f alarak v\u00fccut \u0131s\u0131n\u0131z\u0131 dengeleyin.<\/li><li>Aktiviteleri Planlama: S\u0131cak havalarda a\u015f\u0131r\u0131 fiziksel aktivitelerden ka\u00e7\u0131nmak \u00f6nemlidir. E\u011fer egzersiz yapmak isterseniz, sabah erken saatler veya ak\u015fam\u00fcst\u00fc serin saatleri tercih edin. Ayr\u0131ca, a\u00e7\u0131k havada uzun s\u00fcre ge\u00e7irecekseniz, dinlenme aralar\u0131 vererek ve g\u00f6lgede kalma zamanlar\u0131n\u0131 planlayarak a\u015f\u0131r\u0131 \u0131s\u0131nmay\u0131 \u00f6nleyebilirsiniz.<\/li><li>Beslenme D\u00fczeni: S\u0131cak havalarda beslenmenize dikkat etmek \u00f6nemlidir. A\u011f\u0131r ve ya\u011fl\u0131 yiyeceklerden ka\u00e7\u0131n\u0131n ve daha hafif, su i\u00e7eri\u011fi y\u00fcksek besinleri tercih edin. Sebzeler, meyveler, salatalar ve su bazl\u0131 tatl\u0131lar t\u00fcketerek v\u00fccudunuzun nem dengesini koruyun.<\/li><li>\u0130kametinizin \u0130klimlendirilmesi: Ev veya i\u015f yerinizin iklimlendirme sistemlerini d\u00fczenli olarak kontrol edin ve bak\u0131mlar\u0131n\u0131 yapt\u0131r\u0131n. \u0130yi \u00e7al\u0131\u015fan bir klima veya vantilat\u00f6r, i\u00e7 mekan\u0131n serin ve konforlu kalmas\u0131n\u0131 sa\u011flar. Bu da s\u0131cak havalarda daha rahat hissetmenizi sa\u011flar.<br>S\u0131cak havalara kar\u015f\u0131 alaca\u011f\u0131n\u0131z \u00f6nlemlerle sa\u011fl\u0131\u011f\u0131n\u0131z\u0131 korumak ve keyifli bir yaz ge\u00e7irmek m\u00fcmk\u00fcn. Yukar\u0131da bahsedilen \u00f6nerilere dikkat ederek, s\u0131cak havalardan kaynaklanabilecek olumsuz etkileri en aza indirgeyebilir ve yaz\u0131n tad\u0131n\u0131 \u00e7\u0131karabilirsiniz.<\/li><\/ol>\n","protected":false},"excerpt":{"rendered":"<p>Yaz aylar\u0131 g\u00fcne\u015fli ve s\u0131cak g\u00fcnlerin ya\u015fand\u0131\u011f\u0131 zaman dilimleridir. Bu d\u00f6nemde do\u011fru \u00f6nlemleri almak, s\u0131cak havalardan kaynaklanabilecek olumsuz etkileri en aza indirirken sa\u011fl\u0131\u011f\u0131n\u0131z\u0131 koruman\u0131z\u0131 sa\u011flar. Bu yaz\u0131da, size [&hellip;]<\/p>\n","protected":false},"author":1,"featured_media":902,"comment_status":"open","ping_status":"open","sticky":false,"template":"","format":"standard","meta":[],"categories":[1],"tags":[],"_links":{"self":[{"href":"https:\/\/www.estonsehirkoru.com\/blog\/wp-json\/wp\/v2\/posts\/901"}],"collection":[{"href":"https:\/\/www.estonsehirkoru.com\/blog\/wp-json\/wp\/v2\/posts"}],"about":[{"href":"https:\/\/www.estonsehirkoru.com\/blog\/wp-json\/wp\/v2\/types\/post"}],"author":[{"embeddable":true,"href":"https:\/\/www.estonsehirkoru.com\/blog\/wp-json\/wp\/v2\/users\/1"}],"replies":[{"embeddable":true,"href":"https:\/\/www.estonsehirkoru.com\/blog\/wp-json\/wp\/v2\/comments?post=901"}],"version-history":[{"count":1,"href":"https:\/\/www.estonsehirkoru.com\/blog\/wp-json\/wp\/v2\/posts\/901\/revisions"}],"predecessor-version":[{"id":903,"href":"https:\/\/www.estonsehirkoru.com\/blog\/wp-json\/wp\/v2\/posts\/901\/revisions\/903"}],"wp:featuredmedia":[{"embeddable":true,"href":"https:\/\/www.estonsehirkoru.com\/blog\/wp-json\/wp\/v2\/media\/902"}],"wp:attachment":[{"href":"https:\/\/www.estonsehirkoru.com\/blog\/wp-json\/wp\/v2\/media?parent=901"}],"wp:term":[{"taxonomy":"category","embeddable":true,"href":"https:\/\/www.estonsehirkoru.com\/blog\/wp-json\/wp\/v2\/categories?post=901"},{"taxonomy":"post_tag","embeddable":true,"href":"https:\/\/www.estonsehirkoru.com\/blog\/wp-json\/wp\/v2\/tags?post=901"}],"curies":[{"name":"wp","href":"https:\/\/api.w.org\/{rel}","templated":true}]}}