{"id":831,"date":"2022-09-22T10:48:00","date_gmt":"2022-09-22T07:48:00","guid":{"rendered":"https:\/\/www.estonsehirkoru.com\/blog\/?p=831"},"modified":"2022-09-28T16:02:27","modified_gmt":"2022-09-28T13:02:27","slug":"arkadaslariniz-ve-aileniz-ile-katilabileceginiz-eylul-ayi-etkinlik-takvimi","status":"publish","type":"post","link":"https:\/\/www.estonsehirkoru.com\/blog\/arkadaslariniz-ve-aileniz-ile-katilabileceginiz-eylul-ayi-etkinlik-takvimi\/","title":{"rendered":"Arkada\u015flar\u0131n\u0131z ve Aileniz \u0130le Kat\u0131labilece\u011finiz Eyl\u00fcl Ay\u0131 Etkinlik Takvimi!"},"content":{"rendered":"\n<p>Yava\u015f yava\u015f yaz\u0131n sonlar\u0131na gelsek de hen\u00fcz biz yaz bitti demeden bitmez! Birbirinden e\u011flenceli etkinlikler ile Eyl\u00fcl ay\u0131n\u0131 dolu dolu ve hareketli ge\u00e7irmeye haz\u0131r olun. Konserlerden festivallere, tiyatro g\u00f6sterilerinden \u015fovlara pek \u00e7ok etkinlik bu ay sizleri bekliyor.&nbsp;<\/p>\n\n\n\n<ul><li><strong>Haluk Levent: 01 Eyl\u00fcl Kuru\u00e7e\u015fme A\u00e7\u0131khava<\/strong>&nbsp;&nbsp;<\/li><li><strong>Sertab Erener:<\/strong>\u202f<strong>03 Eyl\u00fcl Harbiye A\u00e7\u0131khava Sahnesi&nbsp;<\/strong>&nbsp;<\/li><li><strong>Yal\u0131n: Bir Yaz Ak\u015fam\u0131 \u2018&#8217;Unutulmaz \u015eark\u0131lar&#8221;: 04 Eyl\u00fcl Maximum Uniq A\u00e7\u0131khava&nbsp;<\/strong>&nbsp;<\/li><li><strong>Duman: 11 Eyl\u00fcl<\/strong>\u202f<strong>Harbiye A\u00e7\u0131khava Sahnesi<\/strong>&nbsp;&nbsp;<\/li><li><strong>MF\u00d6:<\/strong>\u202f<strong>12 Eyl\u00fcl Harbiye A\u00e7\u0131khava Sahnesi&nbsp;<\/strong>&nbsp;<\/li><\/ul>\n\n\n\n<ul><li><strong>Selda Ba\u011fcan:<\/strong>\u202f<strong>14 Eyl\u00fcl Harbiye A\u00e7\u0131khava Sahnesi<\/strong>&nbsp;&nbsp;<\/li><li><strong>Pinhani: 23 Eyl\u00fcl<\/strong>\u202f<strong>K\u00fc\u00e7\u00fck\u00c7iftlik Park&nbsp;<\/strong>&nbsp;<\/li><\/ul>\n\n\n\n<p>\u00c7ocuklar\u0131n\u0131z\u0131n okula ba\u015flamas\u0131n\u0131n ard\u0131ndan hafta sonlar\u0131 ailecek giderek e\u011flenceli vakit ge\u00e7irebilece\u011finiz \u00e7ocuk etkinlikleri bu ayda sizleri bekliyor.&nbsp;<\/p>\n\n\n\n<ul><li><strong>\u00c7ocuklar \u0130\u00e7in \u0130nteraktif \u0130ll\u00fczyon G\u00f6sterisi:<\/strong><strong>\u202f01 Eyl\u00fcl Enka E\u015fref Denizhan A\u00e7\u0131khava Tiyatrosu&nbsp;<\/strong>&nbsp;<\/li><\/ul>\n\n\n\n<ul><li><strong>\u0130stafest Beylikd\u00fcz\u00fc A\u00e7\u0131k Hava \u00c7ocuk Festivali:<\/strong><strong> 01-03 Eyl\u00fcl\u202fModern Adventure Park Beylikd\u00fcz\u00fc&nbsp;<\/strong>&nbsp;<\/li><li><strong>Kral \u015eakir Kapadokya Maceras\u0131:\u202f03 Eyl\u00fcl MO\u0130 Sahne&nbsp;<\/strong>&nbsp;<\/li><li><strong>Karlar \u00dclkesi:\u202f17 Eyl\u00fcl Cevahir Sahne&nbsp;<\/strong>&nbsp;<\/li><li><strong>Ta\u015f Devri: 25 Eyl\u00fcl Watergarden Performans Merkezi \u2013 Duru Tiyatro&nbsp;<\/strong>&nbsp;<\/li><\/ul>\n\n\n\n<p>Sevdikleriniz ile birlikte e\u011flenceli an\u0131lar biriktirebilece\u011finiz harika konserler, festivaller, tiyatrolar ve daha bir s\u00fcr\u00fc aktivite sizleri bekliyor. Tatilden d\u00f6nenler i\u00e7in tatile hen\u00fcz \u00e7\u0131kmayanlar i\u00e7in ve okula ba\u015flayan \u00e7ocuklar i\u00e7in dolu dolu ge\u00e7irece\u011finiz bir ay olmas\u0131 dile\u011fi ile. Keyifli vakit ge\u00e7irmenizi dileriz.&nbsp;<\/p>\n","protected":false},"excerpt":{"rendered":"<p>Yava\u015f yava\u015f yaz\u0131n sonlar\u0131na gelsek de hen\u00fcz biz yaz bitti demeden bitmez! Birbirinden e\u011flenceli etkinlikler ile Eyl\u00fcl ay\u0131n\u0131 dolu dolu ve hareketli ge\u00e7irmeye haz\u0131r olun. Konserlerden festivallere, tiyatro [&hellip;]<\/p>\n","protected":false},"author":1,"featured_media":832,"comment_status":"open","ping_status":"open","sticky":false,"template":"","format":"standard","meta":[],"categories":[1,2],"tags":[],"_links":{"self":[{"href":"https:\/\/www.estonsehirkoru.com\/blog\/wp-json\/wp\/v2\/posts\/831"}],"collection":[{"href":"https:\/\/www.estonsehirkoru.com\/blog\/wp-json\/wp\/v2\/posts"}],"about":[{"href":"https:\/\/www.estonsehirkoru.com\/blog\/wp-json\/wp\/v2\/types\/post"}],"author":[{"embeddable":true,"href":"https:\/\/www.estonsehirkoru.com\/blog\/wp-json\/wp\/v2\/users\/1"}],"replies":[{"embeddable":true,"href":"https:\/\/www.estonsehirkoru.com\/blog\/wp-json\/wp\/v2\/comments?post=831"}],"version-history":[{"count":1,"href":"https:\/\/www.estonsehirkoru.com\/blog\/wp-json\/wp\/v2\/posts\/831\/revisions"}],"predecessor-version":[{"id":833,"href":"https:\/\/www.estonsehirkoru.com\/blog\/wp-json\/wp\/v2\/posts\/831\/revisions\/833"}],"wp:featuredmedia":[{"embeddable":true,"href":"https:\/\/www.estonsehirkoru.com\/blog\/wp-json\/wp\/v2\/media\/832"}],"wp:attachment":[{"href":"https:\/\/www.estonsehirkoru.com\/blog\/wp-json\/wp\/v2\/media?parent=831"}],"wp:term":[{"taxonomy":"category","embeddable":true,"href":"https:\/\/www.estonsehirkoru.com\/blog\/wp-json\/wp\/v2\/categories?post=831"},{"taxonomy":"post_tag","embeddable":true,"href":"https:\/\/www.estonsehirkoru.com\/blog\/wp-json\/wp\/v2\/tags?post=831"}],"curies":[{"name":"wp","href":"https:\/\/api.w.org\/{rel}","templated":true}]}}