{"id":800,"date":"2022-06-01T19:22:00","date_gmt":"2022-06-01T16:22:00","guid":{"rendered":"https:\/\/www.estonsehirkoru.com\/blog\/?p=800"},"modified":"2022-08-31T19:25:03","modified_gmt":"2022-08-31T16:25:03","slug":"evinize-sicak-bir-dokunus-yaz-dekorasyonu","status":"publish","type":"post","link":"https:\/\/www.estonsehirkoru.com\/blog\/evinize-sicak-bir-dokunus-yaz-dekorasyonu\/","title":{"rendered":"Evinize S\u0131cak Bir Dokunu\u015f: Yaz Dekorasyonu"},"content":{"rendered":"\n<p>Yaz aylar\u0131n\u0131n en iyi yan\u0131, pencerelerinizden s\u00fcz\u00fclen do\u011fal \u0131\u015f\u0131kt\u0131r.\u202fPop\u00fclerli\u011fini \u00f6n\u00fcm\u00fczdeki birka\u00e7 y\u0131l daha s\u00fcrd\u00fcrecek olan \u00f6nemli i\u00e7 mek\u00e2n tasar\u0131m trendi, bol miktarda do\u011fal \u0131\u015f\u0131\u011fa sahip evlerdir. Bu nedenle, i\u00e7 mimarlar taraf\u0131ndan s\u0131k\u00e7a tavsiye edilmektedir.\u202fBunun i\u00e7in pencerelerinizi \u00e7o\u011funlukla a\u00e7\u0131k tutarak veya transparan t\u00fcl perdeler kullanarak gelen \u0131\u015f\u0131\u011f\u0131 her zaman en \u00fcst d\u00fczeye \u00e7\u0131karabilirsiniz.\u202fBununla birlikte, ya\u015fad\u0131\u011f\u0131n\u0131z alana sahipseniz ve tadilat imk\u00e2n\u0131n\u0131z varsa, b\u00f6lgenizin her zaman do\u011fal \u0131\u015f\u0131kla doldu\u011fundan emin olmak i\u00e7in b\u00fcy\u00fck pencereleri tercih edebilirsiniz.\u202fB\u00fcy\u00fck pencereler, her daim t\u00fcm g\u00fcne\u015f \u0131\u015f\u0131\u011f\u0131n\u0131 i\u00e7eri sokmaya yard\u0131mc\u0131 olur.&nbsp;<\/p>\n\n\n\n<p>Uzun bir k\u0131\u015f\u0131n ard\u0131ndan ayn\u0131 mobilyalar\u0131 kullanmaktan s\u0131k\u0131ld\u0131n\u0131z m\u0131? E\u011fer e\u015fyalar\u0131n\u0131z hala sa\u011flamsa, yenisini sat\u0131n almak yerine onlar\u0131n rengini ve dokusunu de\u011fi\u015ftirerek yenileyebilirsiniz. Bahar\u0131 ve yaz\u0131 karakterize eden turuncu, toz pembe ve terracottadan olu\u015fan bir renk paletini ya\u015fam alanlar\u0131n\u0131za katman\u0131z size kendinizi iyi hissettirecek, ayr\u0131ca 2022 yaz trendlerinde olan floral dekorasyon da bu renkleri kullanman\u0131z gayet elveri\u015fli olacakt\u0131r. Bununla birlikte, yenilemek istedi\u011finiz e\u015fyalar\u0131n\u0131z\u0131 beyaza boyay\u0131p ferah, minimalist ve ayd\u0131nl\u0131k bir dekorasyon yakalayabilirsiniz.&nbsp;<\/p>\n\n\n\n<p>Her dekorasyonda oldu\u011fu gibi yaz mevsimi konseptli dekorasyonunuzda da konfor ve rahatl\u0131k \u00f6n planda yer almal\u0131d\u0131r. \u00d6zellikle konforun \u00f6nemini daha \u00e7ok hissetti\u011fimiz s\u0131cak yaz aylar\u0131nda, ilk olarak zaman\u0131n\u0131z\u0131n b\u00fcy\u00fck bir k\u0131sm\u0131n\u0131 ge\u00e7irece\u011finiz oturma alan\u0131 olu\u015fturmal\u0131s\u0131n\u0131z. Konforlu bir koltuk, pamuklu ve havadar dokular ile serinlik hissiyat\u0131 yaratmak, yaz aylar\u0131n\u0131n olmazsa olmaz dekorasyon kurallar\u0131ndan biridir. Bu kuma\u015flar\u0131n \u00fczerine etnik desenler ve \u00e7ok renkli kuma\u015flar kullanarak, bir anda ilgi \u00e7ekici renklerle dolu bir salona ya da yatak odas\u0131na sahip olabilirsiniz.&nbsp;&nbsp;<\/p>\n\n\n\n<p>Yaz\u0131n enerjisini her daim hissetmek i\u00e7in do\u011fall\u0131\u011f\u0131 i\u00e7 mekanlara olabildi\u011fince ta\u015f\u0131maya \u00e7al\u0131\u015fmal\u0131s\u0131n\u0131z. Bunun i\u00e7in de do\u011fal ve cilas\u0131z ah\u015fab\u0131 tercih edebilirsiniz. Evinize do\u011fadan bir dokunu\u015f katman\u0131n di\u011fer bir yolu olarak; duvarlarla birlikte yatak ba\u015fl\u0131klar\u0131nda veya kitapl\u0131klarda do\u011fal g\u00f6r\u00fcn\u00fcml\u00fc yapay sarma\u015f\u0131klar ve \u00e7i\u00e7eklere yer verebilirsiniz. \u00d6zellikle banyo gibi daha az \u0131\u015f\u0131k alan yerlerde renkli \u00e7i\u00e7ekler ve iyi bir ayd\u0131nlatma kullanarak ambiyans\u0131 daha ayd\u0131nl\u0131k bir hale getirebilirsiniz. Ger\u00e7ek bir bitki olmad\u0131\u011f\u0131 i\u00e7in \u0131\u015f\u0131k almayan noktalarda dahi rahatl\u0131kla kullanabilirsiniz. Ayn\u0131 zamanda, market ve pazar tezgahlar\u0131n\u0131 s\u00fcsleyen rengarenk meyveleri, has\u0131r bir sepet i\u00e7erisine yerle\u015ftirerek mutfa\u011f\u0131n\u0131zda sergileyebilirsiniz! Bu \u00e7ok lezzetli dekoratif dokunu\u015f sayesinde, \u00e7ocuklar\u0131n\u0131z tezg\u00e2htan meyve al\u0131p yemeye hevesli olacakt\u0131r.&nbsp;<\/p>\n","protected":false},"excerpt":{"rendered":"<p>Yaz aylar\u0131n\u0131n en iyi yan\u0131, pencerelerinizden s\u00fcz\u00fclen do\u011fal \u0131\u015f\u0131kt\u0131r.\u202fPop\u00fclerli\u011fini \u00f6n\u00fcm\u00fczdeki birka\u00e7 y\u0131l daha s\u00fcrd\u00fcrecek olan \u00f6nemli i\u00e7 mek\u00e2n tasar\u0131m trendi, bol miktarda do\u011fal \u0131\u015f\u0131\u011fa sahip evlerdir. Bu nedenle, [&hellip;]<\/p>\n","protected":false},"author":1,"featured_media":801,"comment_status":"open","ping_status":"open","sticky":false,"template":"","format":"standard","meta":[],"categories":[4],"tags":[],"_links":{"self":[{"href":"https:\/\/www.estonsehirkoru.com\/blog\/wp-json\/wp\/v2\/posts\/800"}],"collection":[{"href":"https:\/\/www.estonsehirkoru.com\/blog\/wp-json\/wp\/v2\/posts"}],"about":[{"href":"https:\/\/www.estonsehirkoru.com\/blog\/wp-json\/wp\/v2\/types\/post"}],"author":[{"embeddable":true,"href":"https:\/\/www.estonsehirkoru.com\/blog\/wp-json\/wp\/v2\/users\/1"}],"replies":[{"embeddable":true,"href":"https:\/\/www.estonsehirkoru.com\/blog\/wp-json\/wp\/v2\/comments?post=800"}],"version-history":[{"count":1,"href":"https:\/\/www.estonsehirkoru.com\/blog\/wp-json\/wp\/v2\/posts\/800\/revisions"}],"predecessor-version":[{"id":802,"href":"https:\/\/www.estonsehirkoru.com\/blog\/wp-json\/wp\/v2\/posts\/800\/revisions\/802"}],"wp:featuredmedia":[{"embeddable":true,"href":"https:\/\/www.estonsehirkoru.com\/blog\/wp-json\/wp\/v2\/media\/801"}],"wp:attachment":[{"href":"https:\/\/www.estonsehirkoru.com\/blog\/wp-json\/wp\/v2\/media?parent=800"}],"wp:term":[{"taxonomy":"category","embeddable":true,"href":"https:\/\/www.estonsehirkoru.com\/blog\/wp-json\/wp\/v2\/categories?post=800"},{"taxonomy":"post_tag","embeddable":true,"href":"https:\/\/www.estonsehirkoru.com\/blog\/wp-json\/wp\/v2\/tags?post=800"}],"curies":[{"name":"wp","href":"https:\/\/api.w.org\/{rel}","templated":true}]}}