{"id":794,"date":"2022-05-15T16:07:00","date_gmt":"2022-05-15T13:07:00","guid":{"rendered":"https:\/\/www.estonsehirkoru.com\/blog\/?p=794"},"modified":"2022-08-31T16:25:01","modified_gmt":"2022-08-31T13:25:01","slug":"karbon-ayak-izini-azaltmanin-puf-noktalari","status":"publish","type":"post","link":"https:\/\/www.estonsehirkoru.com\/blog\/karbon-ayak-izini-azaltmanin-puf-noktalari\/","title":{"rendered":"Karbon Ayak \u0130zini Azaltman\u0131n P\u00fcf Noktalar\u0131"},"content":{"rendered":"\n<p>Ba\u015fl\u0131ca atmosfere sal\u0131nan gazlar\u0131n sera etkisi sonucunda olu\u015fan k\u00fcresel \u0131s\u0131nma, D\u00fcnyan\u0131n en zorlu sorunlar\u0131ndan biri haline gelmi\u015f durumda. K\u00fcresel iklim de\u011fi\u015fikli\u011fine kar\u015f\u0131 en etkili \u00e7\u00f6z\u00fcm\u00fcn ise bireysel bilin\u00e7lenme ve t\u00fcketim al\u0131\u015fkanl\u0131klar\u0131n\u0131n de\u011fi\u015fmesi gerekti\u011fidir. Bu sebeple ula\u015f\u0131m, \u0131s\u0131nma vb. gibi t\u00fcketim al\u0131\u015fkanl\u0131klar\u0131n\u0131n de\u011fi\u015fmesi; \u00fcretilen ve t\u00fcketilen \u00fcr\u00fcnlerin sonucunda ortaya \u00e7\u0131kan karbon ayak izinin azalmas\u0131na, hatta ya\u015fam d\u00f6ng\u00fcs\u00fcn\u00fcn de\u011fi\u015fmesine neden olmaktad\u0131r.&nbsp;<\/p>\n\n\n\n<p>K\u0131saca \u00f6zetleyecek olursak karbon ayak izi, g\u00fcnl\u00fck insan faaliyetleri sonucunda atmosfere yayd\u0131\u011f\u0131 sera gaz\u0131n\u0131n, karbondioksit cinsinden \u00f6l\u00e7\u00fcs\u00fcd\u00fcr diyebiliriz. G\u00fcnl\u00fck hayatta yeri olan t\u00fcm bu faaliyetlerin, sera gaz\u0131 sal\u0131n\u0131m\u0131 y\u00fczdelik olarak farkl\u0131l\u0131k g\u00f6steriyor. Karbon ayak izini d\u00fc\u015f\u00fcrmek bir gecede m\u00fcmk\u00fcn olmayabilir ancak, g\u00fcnl\u00fck hayatta ger\u00e7ekle\u015ftirilen faaliyetlerde k\u00fc\u00e7\u00fck de\u011fi\u015fiklikler yapmak, b\u00fcy\u00fck farklar\u0131n ortaya \u00e7\u0131kmas\u0131na sebep olabilir. Bu nedenle karbon ayak izi \u00fczerinde b\u00fcy\u00fck pay\u0131 olan at\u0131klar\u0131n geri d\u00f6n\u00fc\u015ft\u00fcr\u00fclmesi olduk\u00e7a \u00f6nemlidir.&nbsp;<\/p>\n\n\n\n<p>Karbon ayak izini azaltman\u0131n di\u011fer \u00f6nemli bir ad\u0131m\u0131 ise enerji verimlili\u011fi sa\u011flamakt\u0131r. Peki g\u00fcnl\u00fck ya\u015fant\u0131m\u0131zda buna yard\u0131mc\u0131 olmak i\u00e7in neler yapabiliriz?&nbsp;<\/p>\n\n\n\n<ul><li>Kullanmad\u0131\u011f\u0131n\u0131z cihazlar\u0131 tamamen kapat\u0131n. (\u0131\u015f\u0131klar, telefon, WiFi, bilgisayar v.b)&nbsp;<\/li><li>Kaloriferin \u0131s\u0131s\u0131n\u0131 m\u00fcmk\u00fcn olduk\u00e7a minimum seviyede kullan\u0131n.&nbsp;<\/li><li>Bula\u015f\u0131k ve \u00e7ama\u015f\u0131r makinenizi tam kapasite \u00e7al\u0131\u015ft\u0131r\u0131n. Bu \u015fekilde su, elektrik ve deterjan tasarrufu sa\u011flars\u0131n\u0131z.&nbsp;<\/li><li>\u00c7aydanl\u0131\u011fa kullanaca\u011f\u0131n\u0131z miktarda su ekleyin.&nbsp;<\/li><\/ul>\n\n\n\n<ul><li>Cep telefonunuzu \u015farj olur olmaz \u015farjdan al\u0131n.&nbsp;<\/li><li>K\u0131sa mesafe yerlere araban\u0131zla de\u011fil, y\u00fcr\u00fcyerek gitmeyi tercih edin.&nbsp;<\/li><li>Enerji tasarruflu ampuller kullan\u0131n.&nbsp;<\/li><li>Gereksiz k\u00e2\u011f\u0131t harcamaktan ka\u00e7\u0131n\u0131n&nbsp;<\/li><li>M\u00fcmk\u00fcn oldu\u011funca geri d\u00f6n\u00fc\u015f\u00fcm yap\u0131n&nbsp;&nbsp;<\/li><\/ul>\n\n\n\n<ul><li>Organik \u00fcr\u00fcnler sat\u0131n al\u0131n&nbsp;<\/li><li>Mevsimi d\u0131\u015f\u0131nda taze meyve ve sebze almay\u0131n&nbsp;<\/li><\/ul>\n\n\n\n<p>T\u00fcm bunlara ek, minimalist ya\u015fam bu kadar reva\u00e7tayken gereksiz t\u00fcketimden ka\u00e7\u0131nmak, k\u0131yafet al\u0131\u015fveri\u015finde s\u00fcrd\u00fcr\u00fclebilir se\u00e7eneklere y\u00f6nelmek, yiyecek al\u0131\u015fveri\u015finde israftan uzak durmak gibi faydal\u0131 al\u0131\u015fkanl\u0131klar, sadece b\u00fct\u00e7eniz i\u00e7in de\u011fil \u00e7evre i\u00e7in de faydal\u0131. K\u0131yafet ve elektronik al\u0131\u015fveri\u015finde ikinci el e\u015fya uygulamalar\u0131n\u0131 kullanarak hem fazlal\u0131klar\u0131 satabilir hem de ihtiya\u00e7lar\u0131n\u0131z\u0131 uygun fiyatlarla kar\u015f\u0131layabilirsiniz.\u202f&nbsp;<\/p>\n","protected":false},"excerpt":{"rendered":"<p>Ba\u015fl\u0131ca atmosfere sal\u0131nan gazlar\u0131n sera etkisi sonucunda olu\u015fan k\u00fcresel \u0131s\u0131nma, D\u00fcnyan\u0131n en zorlu sorunlar\u0131ndan biri haline gelmi\u015f durumda. K\u00fcresel iklim de\u011fi\u015fikli\u011fine kar\u015f\u0131 en etkili \u00e7\u00f6z\u00fcm\u00fcn ise bireysel bilin\u00e7lenme [&hellip;]<\/p>\n","protected":false},"author":1,"featured_media":795,"comment_status":"open","ping_status":"open","sticky":false,"template":"","format":"standard","meta":[],"categories":[2],"tags":[],"_links":{"self":[{"href":"https:\/\/www.estonsehirkoru.com\/blog\/wp-json\/wp\/v2\/posts\/794"}],"collection":[{"href":"https:\/\/www.estonsehirkoru.com\/blog\/wp-json\/wp\/v2\/posts"}],"about":[{"href":"https:\/\/www.estonsehirkoru.com\/blog\/wp-json\/wp\/v2\/types\/post"}],"author":[{"embeddable":true,"href":"https:\/\/www.estonsehirkoru.com\/blog\/wp-json\/wp\/v2\/users\/1"}],"replies":[{"embeddable":true,"href":"https:\/\/www.estonsehirkoru.com\/blog\/wp-json\/wp\/v2\/comments?post=794"}],"version-history":[{"count":1,"href":"https:\/\/www.estonsehirkoru.com\/blog\/wp-json\/wp\/v2\/posts\/794\/revisions"}],"predecessor-version":[{"id":796,"href":"https:\/\/www.estonsehirkoru.com\/blog\/wp-json\/wp\/v2\/posts\/794\/revisions\/796"}],"wp:featuredmedia":[{"embeddable":true,"href":"https:\/\/www.estonsehirkoru.com\/blog\/wp-json\/wp\/v2\/media\/795"}],"wp:attachment":[{"href":"https:\/\/www.estonsehirkoru.com\/blog\/wp-json\/wp\/v2\/media?parent=794"}],"wp:term":[{"taxonomy":"category","embeddable":true,"href":"https:\/\/www.estonsehirkoru.com\/blog\/wp-json\/wp\/v2\/categories?post=794"},{"taxonomy":"post_tag","embeddable":true,"href":"https:\/\/www.estonsehirkoru.com\/blog\/wp-json\/wp\/v2\/tags?post=794"}],"curies":[{"name":"wp","href":"https:\/\/api.w.org\/{rel}","templated":true}]}}