{"id":769,"date":"2022-02-21T12:47:00","date_gmt":"2022-02-21T09:47:00","guid":{"rendered":"https:\/\/www.estonsehirkoru.com\/blog\/?p=769"},"modified":"2022-03-03T12:50:08","modified_gmt":"2022-03-03T09:50:08","slug":"ilkbahar-dekorasyonu-icin-hazirliga-baslayin","status":"publish","type":"post","link":"https:\/\/www.estonsehirkoru.com\/blog\/ilkbahar-dekorasyonu-icin-hazirliga-baslayin\/","title":{"rendered":"\u0130lkbahar Dekorasyonu \u0130\u00e7in Haz\u0131rl\u0131\u011fa Ba\u015flay\u0131n"},"content":{"rendered":"\n<p>So\u011fuk bir k\u0131\u015f\u0131n ard\u0131ndan do\u011fan\u0131n canlanmas\u0131 ile birlikte evinizde ilkbahar dekorasyonu i\u00e7in haz\u0131rl\u0131klara ba\u015flad\u0131n\u0131z m\u0131? Evinizdeki mobilya ve aksesuarlar\u0131n\u0131z\u0131 bahara haz\u0131rlayarak i\u015fe ba\u015flayabilirsiniz.<\/p>\n\n\n\n<p>\u0130lk ad\u0131m olarak, mobilyalar\u0131n\u0131z\u0131 yeniden d\u00fczenleyerek ba\u015flayabilirsiniz. Ard\u0131ndan, mobilyan\u0131z veya aksesuarlar\u0131n\u0131z evinizde art\u0131k g\u00f6z\u00fcn\u00fcze hitap etmiyorsa sevmedi\u011finiz e\u015fyalar\u0131n\u0131za dekorasyonunuzda yer vermeyebilirsiniz.<\/p>\n\n\n\n<p>K\u0131\u015fl\u0131klar\u0131n\u0131z\u0131 g\u00f6zden ge\u00e7irerek kal\u0131n yorganlar\u0131n\u0131z\u0131, battaniyelerinizi ve pel\u00fc\u015f kilimlerinizi gelecek y\u0131l kullanmak \u00fczere, fazla yer kaplamamas\u0131 i\u00e7in vakumlu po\u015fet yard\u0131m\u0131yla depolay\u0131n. Kal\u0131n e\u015fyalar\u0131n\u0131z\u0131 kald\u0131rarak ince ev tekstillerine yer verebilirsiniz. Koyu renk \u00fcr\u00fcnlerden vazge\u00e7erek, evinize canl\u0131 ve \u00e7i\u00e7ek desenlerini tercih edin. Bu de\u011fi\u015fiklik sayesinde evinizde bahar\u0131n canl\u0131l\u0131\u011f\u0131n\u0131 doyas\u0131ya ya\u015fayacaks\u0131n\u0131z.<\/p>\n\n\n\n<p>Dekorasyonunuza ye\u015fil rengi katarak ortam\u0131n\u0131za renk katarak, farkl\u0131 bitkiler ile yapabilece\u011finiz yaprak tiplerini bir arada kullanarak gruplar olu\u015fturabilirsiniz. Bitkileriniz i\u00e7in fazla yerinizi yok ise bitkileri tavana asmay\u0131 veya duvar saks\u0131lar\u0131nda yeti\u015ftirmeyi deneyebilirsiniz.<\/p>\n\n\n\n<p>K\u0131\u015f\u0131n so\u011fuk havalarda takt\u0131\u011f\u0131n\u0131z kal\u0131n perdeleri \u00e7\u0131kartarak pencerelerinizi hafifletebilirsiniz. B\u00f6ylece, temiz pencerelerinize bahar g\u00fcne\u015finin i\u00e7eri girmesini sa\u011flayacak a\u00e7\u0131k renk perdeler ve t\u00fcl perdeler asabilirsiniz.<\/p>\n\n\n\n<p>Evinizdeki alanlar\u0131 daha konforlu yerlere \u00e7evirin. B\u00f6ylelikle e\u015fyalar\u0131n\u0131za nefes alacak alanlar b\u0131rakm\u0131\u015f olursunuz. Sade bir d\u00fczenleme ile g\u00f6zlerinizi yormayacak bir atmosfer olu\u015fturursunuz.<\/p>\n\n\n\n<p>\u015e\u0131k bir g\u00f6r\u00fcn\u00fcm i\u00e7in s\u0131k s\u0131k kulland\u0131\u011f\u0131n\u0131z ufak e\u015fyalar\u0131n\u0131z\u0131 tepsilere yerle\u015ftirerek ho\u015f bir g\u00f6r\u00fcnt\u00fc kazanabilirsiniz. Tepsinizi komodinin \u00fczerine, sehpaya veya banyonuza koyarak bir\u00e7ok \u00fcr\u00fcn\u00fcn\u00fcz\u00fcn yerinden de tasarruf etmi\u015f olursunuz. Hi\u00e7 tahmin etmeyece\u011finiz e\u015fyalar\u0131n yerleri de\u011fi\u015ftirildi\u011finde \u00e7ok ho\u015f sonu\u00e7lar verece\u011fini g\u00f6receksiniz.<\/p>\n\n\n\n<p>Son olarak, canl\u0131 renklerle s\u00fcsleyece\u011finiz aksesuarlar ve \u00e7i\u00e7ekler ile evinizde bahar\u0131n co\u015fkulu atmosferini yarat\u0131n. Unutmay\u0131n bahar hareket ve enerji demektir.<\/p>\n","protected":false},"excerpt":{"rendered":"<p>So\u011fuk bir k\u0131\u015f\u0131n ard\u0131ndan do\u011fan\u0131n canlanmas\u0131 ile birlikte evinizde ilkbahar dekorasyonu i\u00e7in haz\u0131rl\u0131klara ba\u015flad\u0131n\u0131z m\u0131? Evinizdeki mobilya ve aksesuarlar\u0131n\u0131z\u0131 bahara haz\u0131rlayarak i\u015fe ba\u015flayabilirsiniz. \u0130lk ad\u0131m olarak, mobilyalar\u0131n\u0131z\u0131 yeniden [&hellip;]<\/p>\n","protected":false},"author":1,"featured_media":770,"comment_status":"open","ping_status":"open","sticky":false,"template":"","format":"standard","meta":[],"categories":[4],"tags":[],"_links":{"self":[{"href":"https:\/\/www.estonsehirkoru.com\/blog\/wp-json\/wp\/v2\/posts\/769"}],"collection":[{"href":"https:\/\/www.estonsehirkoru.com\/blog\/wp-json\/wp\/v2\/posts"}],"about":[{"href":"https:\/\/www.estonsehirkoru.com\/blog\/wp-json\/wp\/v2\/types\/post"}],"author":[{"embeddable":true,"href":"https:\/\/www.estonsehirkoru.com\/blog\/wp-json\/wp\/v2\/users\/1"}],"replies":[{"embeddable":true,"href":"https:\/\/www.estonsehirkoru.com\/blog\/wp-json\/wp\/v2\/comments?post=769"}],"version-history":[{"count":1,"href":"https:\/\/www.estonsehirkoru.com\/blog\/wp-json\/wp\/v2\/posts\/769\/revisions"}],"predecessor-version":[{"id":771,"href":"https:\/\/www.estonsehirkoru.com\/blog\/wp-json\/wp\/v2\/posts\/769\/revisions\/771"}],"wp:featuredmedia":[{"embeddable":true,"href":"https:\/\/www.estonsehirkoru.com\/blog\/wp-json\/wp\/v2\/media\/770"}],"wp:attachment":[{"href":"https:\/\/www.estonsehirkoru.com\/blog\/wp-json\/wp\/v2\/media?parent=769"}],"wp:term":[{"taxonomy":"category","embeddable":true,"href":"https:\/\/www.estonsehirkoru.com\/blog\/wp-json\/wp\/v2\/categories?post=769"},{"taxonomy":"post_tag","embeddable":true,"href":"https:\/\/www.estonsehirkoru.com\/blog\/wp-json\/wp\/v2\/tags?post=769"}],"curies":[{"name":"wp","href":"https:\/\/api.w.org\/{rel}","templated":true}]}}