{"id":766,"date":"2022-02-14T12:34:00","date_gmt":"2022-02-14T09:34:00","guid":{"rendered":"https:\/\/www.estonsehirkoru.com\/blog\/?p=766"},"modified":"2022-03-03T12:38:33","modified_gmt":"2022-03-03T09:38:33","slug":"kapsul-dolap-akimi-nasil-uygulanir","status":"publish","type":"post","link":"https:\/\/www.estonsehirkoru.com\/blog\/kapsul-dolap-akimi-nasil-uygulanir\/","title":{"rendered":"Kaps\u00fcl Dolap Ak\u0131m\u0131 Nas\u0131l Uygulan\u0131r?"},"content":{"rendered":"\n<p>Minimalist ya\u015fam tarz\u0131n\u0131n modadaki yans\u0131mas\u0131 olan kaps\u00fcl dolaplar, son zamanlar\u0131n en \u00e7ok merak edilen ak\u0131mlar\u0131 aras\u0131nda yerini ald\u0131. Yenilenmi\u015f ve kullan\u0131\u015fl\u0131 bir dolap yaratman\u0131z\u0131 sa\u011flayan bu ak\u0131m, asl\u0131nda al\u0131\u015fveri\u015f \u00e7\u0131lg\u0131nl\u0131\u011f\u0131na tepki olarak ortaya at\u0131lm\u0131\u015f.<\/p>\n\n\n\n<p>Az say\u0131da k\u0131yafet ile ya\u015fama, hatta 50\u2019nin alt\u0131na d\u00fc\u015fme d\u00fc\u015f\u00fcncesi pek \u00e7ok ki\u015fiyi tedirgin edebiliyor. Fakat \u00e7ok ba\u015far\u0131 elde etmi\u015f d\u00fcnyaca \u00fcnl\u00fc tan\u0131nan insanlar\u0131 takip etti\u011finizde Facebook\u00a0kurucusu Mark Zukerberg\u00a0ya da\u00a0Apple kurucusu\u00a0Steve Jobs\u2019\u0131n s\u00fcrekli ayn\u0131 giysileri giydi\u011fini bu sayede vakitten tasarruf ettiklerini biliyoruz.<\/p>\n\n\n\n<p>Fazla ve eski k\u0131yafetlerden kurtulmay\u0131 ama\u00e7layan kaps\u00fcl dolaplar, dolab\u0131n\u0131zda yer kaplayan ve asla giymedi\u011finiz par\u00e7alara ise veda etmenizi kolayla\u015ft\u0131r\u0131yor. Kaps\u00fcl dolap nedir, nas\u0131l uygulan\u0131r gibi t\u00fcm bu sorular\u0131n cevab\u0131n\u0131 sizler i\u00e7in ara\u015ft\u0131rd\u0131k ve derledik. \u0130\u015fte kaps\u00fcl dolaba dair t\u00fcm bilmeniz gerekenler ve yeni ba\u015flayanlar i\u00e7in kaps\u00fcl dolap listesi\u2026<\/p>\n\n\n\n<p>Kaps\u00fcl dolap\u00a0olu\u015fturmak i\u00e7in \u00f6ncelikle hangi k\u0131yafetlere daha \u00e7ok ihtiyac\u0131n\u0131z oldu\u011funu, ne tarz k\u0131yafetler ile daha konforlu hissetti\u011finizi, hangi renk ve dokudaki kuma\u015flardan ho\u015fland\u0131\u011f\u0131n\u0131z\u0131 belirlemeniz gerekir. Ard\u0131ndan k\u0131yafetleriniz i\u00e7in bir ka\u00e7 ana renk se\u00e7meniz gerekir. Giydi\u011finizde hemen hemen her \u015fey ile uyum sa\u011flayacak temel par\u00e7alar edinin. T\u00fcm bu a\u015famalar\u0131 tamamlad\u0131ktan sonra, dolab\u0131n\u0131zda bir \u00e7al\u0131\u015fma yaparak kendi tercihleriniz do\u011frultusunda e\u015fyalar\u0131n\u0131z\u0131 sadele\u015ftirebilirsiniz. Unutmamal\u0131d\u0131r ki dolab\u0131n\u0131zda 50\u2019den fazla par\u00e7a olmas\u0131 minimal dolap amac\u0131na ters d\u00fc\u015fecektir.<\/p>\n\n\n\n<p>Unutmay\u0131n e\u011fer toplum i\u00e7erisine \u00e7\u0131kt\u0131\u011f\u0131m\u0131zda kendimizle ilgili anlataca\u011f\u0131m\u0131z bir ba\u015far\u0131 hikayemiz yoksa veya i\u015fimizle ilgili yapt\u0131\u011f\u0131m\u0131z insanlara fayda sa\u011flayan g\u00fczel eylemler i\u00e7erisinde de\u011filsek, yani aktarabilece\u011fimiz bir \u015feyimiz yoksa elimizde kalan sadece kocaman bir hi\u00e7 olacakt\u0131r. Bu nedenle yapamam d\u00fc\u015f\u00fcncesini t\u00fcketim \u00e7\u0131lg\u0131nl\u0131\u011f\u0131n\u0131n pen\u00e7esinden kurtulmak i\u00e7in akl\u0131n\u0131zdan \u00e7\u0131karman\u0131z gerekmektedir.<\/p>\n","protected":false},"excerpt":{"rendered":"<p>Minimalist ya\u015fam tarz\u0131n\u0131n modadaki yans\u0131mas\u0131 olan kaps\u00fcl dolaplar, son zamanlar\u0131n en \u00e7ok merak edilen ak\u0131mlar\u0131 aras\u0131nda yerini ald\u0131. Yenilenmi\u015f ve kullan\u0131\u015fl\u0131 bir dolap yaratman\u0131z\u0131 sa\u011flayan bu ak\u0131m, asl\u0131nda [&hellip;]<\/p>\n","protected":false},"author":1,"featured_media":767,"comment_status":"open","ping_status":"open","sticky":false,"template":"","format":"standard","meta":[],"categories":[4],"tags":[],"_links":{"self":[{"href":"https:\/\/www.estonsehirkoru.com\/blog\/wp-json\/wp\/v2\/posts\/766"}],"collection":[{"href":"https:\/\/www.estonsehirkoru.com\/blog\/wp-json\/wp\/v2\/posts"}],"about":[{"href":"https:\/\/www.estonsehirkoru.com\/blog\/wp-json\/wp\/v2\/types\/post"}],"author":[{"embeddable":true,"href":"https:\/\/www.estonsehirkoru.com\/blog\/wp-json\/wp\/v2\/users\/1"}],"replies":[{"embeddable":true,"href":"https:\/\/www.estonsehirkoru.com\/blog\/wp-json\/wp\/v2\/comments?post=766"}],"version-history":[{"count":1,"href":"https:\/\/www.estonsehirkoru.com\/blog\/wp-json\/wp\/v2\/posts\/766\/revisions"}],"predecessor-version":[{"id":768,"href":"https:\/\/www.estonsehirkoru.com\/blog\/wp-json\/wp\/v2\/posts\/766\/revisions\/768"}],"wp:featuredmedia":[{"embeddable":true,"href":"https:\/\/www.estonsehirkoru.com\/blog\/wp-json\/wp\/v2\/media\/767"}],"wp:attachment":[{"href":"https:\/\/www.estonsehirkoru.com\/blog\/wp-json\/wp\/v2\/media?parent=766"}],"wp:term":[{"taxonomy":"category","embeddable":true,"href":"https:\/\/www.estonsehirkoru.com\/blog\/wp-json\/wp\/v2\/categories?post=766"},{"taxonomy":"post_tag","embeddable":true,"href":"https:\/\/www.estonsehirkoru.com\/blog\/wp-json\/wp\/v2\/tags?post=766"}],"curies":[{"name":"wp","href":"https:\/\/api.w.org\/{rel}","templated":true}]}}