{"id":697,"date":"2020-10-26T20:55:00","date_gmt":"2020-10-26T17:55:00","guid":{"rendered":"https:\/\/www.estonsehirkoru.com\/blog\/?p=697"},"modified":"2020-11-04T20:56:56","modified_gmt":"2020-11-04T17:56:56","slug":"uzun-omurlu-bahce-cicekleri","status":"publish","type":"post","link":"https:\/\/www.estonsehirkoru.com\/blog\/uzun-omurlu-bahce-cicekleri\/","title":{"rendered":"Uzun \u00d6m\u00fcrl\u00fc Bah\u00e7e \u00c7i\u00e7ekleri"},"content":{"rendered":"\n<p>Bah\u00e7eli evlerin vazge\u00e7ilmezi ve do\u011fal bir dekorasyon unsuru\n\u00e7i\u00e7eklerdir. \u00c7i\u00e7eklerle ve toprakla u\u011fra\u015fmak g\u00fcnl\u00fck hayattaki stresinizi al\u0131p\ng\u00f6t\u00fcr\u00fcrken bah\u00e7enizin de canl\u0131 ve reng\u00e2renk g\u00f6r\u00fcnmesine yard\u0131mc\u0131 olur.\nBah\u00e7enizde yeti\u015ftirmek i\u00e7in uzun \u00f6m\u00fcrl\u00fc ve bak\u0131m\u0131 kolay \u00e7i\u00e7ekler tercih\nederseniz bah\u00e7enizdeki e\u015fsiz \u00e7i\u00e7ek g\u00f6r\u00fcn\u00fcm\u00fcn\u00fcn t\u00fcm y\u0131l boyunca sizinle birlikte\nolmas\u0131n\u0131 sa\u011flayabilirsiniz. <\/p>\n\n\n\n<p><strong>G\u00fcl<\/strong><\/p>\n\n\n\n<p>Neredeyse girdi\u011fimiz her bah\u00e7ede bir g\u00fcl fidesiyle\nkar\u015f\u0131la\u015f\u0131r\u0131z \u00e7\u00fcnk\u00fc hem bak\u0131m\u0131 kolay hem de bah\u00e7eyi g\u00fczelle\u015ftiren \u00e7i\u00e7eklerin\nba\u015f\u0131nda gelir. Bah\u00e7enize g\u00fcl ekmek i\u00e7in ilk tavsiye edilenlerden biri tohum\nkullanmaman\u0131zd\u0131r. K\u00fc\u00e7\u00fck bir fidan alarak bah\u00e7enizde ekti\u011finiz g\u00fcl\u00fcn \u00f6mr\u00fc 10-12\ny\u0131l aras\u0131nda de\u011fi\u015fmektedir. T\u00fcm mevsimlerde dikilebilen g\u00fcl fidesi, dayan\u0131kl\u0131\noldu\u011fu i\u00e7in t\u00fcm y\u0131l solmadan bah\u00e7enizi s\u00fcsleyebilir. G\u00fcl \u00e7i\u00e7e\u011fini, yaz\naylar\u0131nda haftada iki defa, k\u0131\u015f aylar\u0131nda ise haftada bir defa sulaman\u0131z\nyeterli olacakt\u0131r. G\u00fcl bak\u0131m\u0131nda en \u00f6nemli konu ise solan dal ve yapraklar\u0131n\nbudanmas\u0131d\u0131r. Budanan dallar yerinde yeni \u00e7i\u00e7ekler a\u00e7mas\u0131 i\u00e7in \u00f6nemlidir.<\/p>\n\n\n\n<p><strong>Leylak<\/strong><\/p>\n\n\n\n<p>Leylak, bulundu\u011fu ortama hemen adapte olan bir \u00e7i\u00e7ektir.\nSo\u011fuya kar\u015f\u0131 dayan\u0131kl\u0131 olan ve g\u00fc\u00e7l\u00fc yap\u0131ya sahip bir \u00e7i\u00e7ek t\u00fcr\u00fcd\u00fcr. Bu sebeple\nde bah\u00e7e \u00e7i\u00e7ekleri olarak olduk\u00e7a fazla tercih edilir. Yaz aylar\u0131nda \u00e7i\u00e7ek a\u00e7an\nleylaklar uzun y\u0131ll\u0131 \u00e7i\u00e7ekler oldu\u011fu i\u00e7in kurak yaz aylar\u0131nda veya so\u011fuk k\u0131\u015f\naylar\u0131nda da ya\u015famaya devam ederler. Leylak \u00e7i\u00e7e\u011fi suya \u00e7ok ihtiya\u00e7 duymaz,\nhaftada bir kere sulanmas\u0131 yeterlidir. <\/p>\n\n\n\n<p>Bah\u00e7enizin bak\u0131m\u0131 g\u00f6ze g\u00fczel g\u00f6z\u00fckmesi a\u00e7\u0131s\u0131ndan olduk\u00e7a\n\u00f6nemlidir. K\u0131sa s\u00fcre i\u00e7inde solmayan ve her mevsim canl\u0131 kalan \u00e7i\u00e7ekler tercih\nederek sizi yormayacak \u015fekilde bah\u00e7enizin y\u0131l boyu g\u00fczel ve c\u0131v\u0131l c\u0131v\u0131l\ng\u00f6z\u00fckmesini sa\u011flayabilirsiniz. Bah\u00e7elerinizin g\u00fczelli\u011fine ve d\u00fczenine \u00f6nem\nveriyorsan\u0131z uzun s\u00fcreler boyunca sizinle olacak bu \u00e7i\u00e7eklere g\u00f6z\natabilirsiniz.<\/p>\n\n\n\n<p><strong>Sardunya<\/strong> <\/p>\n\n\n\n<p>Balkonlar\u0131n g\u00fczel\nk\u0131z\u0131 kendilerine \u00f6zg\u00fc kokular\u0131 ve kolay bak\u0131ml\u0131 olmalar\u0131 ile s\u0131kl\u0131kla tercih\nedilirler. Sardunya,&nbsp;anavatan\u0131 G\u00fcney Afrika olan, k\u0131rm\u0131z\u0131, pembe, sar\u0131 ve\nbeyaz renkli \u00e7i\u00e7ekli k\u0131\u015fa dayan\u0131kl\u0131 y\u0131ll\u0131k bir bitkidir. S\u0131cak havalardan\nho\u015flan\u0131r ve bu sebeple \u00fclkemizde Akdeniz b\u00f6lgesinde \u00e7ok yeti\u015ftirilir. K\u0131\u015f\u0131n 7\nderecenin alt\u0131nda ya\u015fayamaz. \u0130deal s\u0131cakl\u0131\u011f\u0131 ise 15 derece\ncivar\u0131ndad\u0131r.&nbsp;Fazla s\u0131cak veya so\u011fuk&nbsp;ile kar\u015f\u0131la\u015ft\u0131\u011f\u0131nda \u00e7i\u00e7ekleri\nile yapraklar\u0131 k\u00f6t\u00fc etkilenir.<\/p>\n\n\n\n<p>Sardunya do\u011frudan g\u00fcne\u015f g\u00f6rmese de olur\nancak \u0131\u015f\u0131k sever. \u00d6zellikle \u00e7i\u00e7eklenme d\u00f6neminde&nbsp;hafif\ng\u00f6lgeli&nbsp;b\u00f6lgeler ho\u015funa gidecektir. Bah\u00e7elerin&nbsp;ayd\u0131nl\u0131k ve\nr\u00fczgars\u0131z&nbsp;bir b\u00f6lmesi onlara olduk\u00e7a uygundur.<\/p>\n\n\n\n<p><strong>A\u00e7elya<\/strong> <\/p>\n\n\n\n<p>Fundagiller familyas\u0131n\u0131n g\u00fczel \u00e7i\u00e7ekli \u00fcyesi A\u00e7elya bah\u00e7eler\ni\u00e7in \u00e7ok uygun bir bitkidir&#8230; Do\u011frudan g\u00fcne\u015f \u0131\u015f\u0131\u011f\u0131yla aras\u0131 iyi olmayan\n\u00e7i\u00e7eklerimizdendir. So\u011fuk havalarda da \u00e7i\u00e7ek a\u00e7ar fakat ani hava de\u011fi\u015fimlerine\nkar\u015f\u0131 dikkatli olunmas\u0131 gerekir. A\u00e7elya \u00e7i\u00e7e\u011finin so\u011fuk havalara dayan\u0131kl\u0131l\u0131\u011f\u0131\n-20 ile -35 dereceleri aras\u0131nda de\u011fi\u015fmektedir. K\u0131\u015f aylar\u0131nda susuz\nb\u0131rak\u0131lmamaya \u00f6zen g\u00f6sterilmeli ve suyun oda s\u0131cakl\u0131\u011f\u0131nda olmas\u0131na dikkat\nedilmelidir. <\/p>\n","protected":false},"excerpt":{"rendered":"<p>Bah\u00e7eli evlerin vazge\u00e7ilmezi ve do\u011fal bir dekorasyon unsuru \u00e7i\u00e7eklerdir. \u00c7i\u00e7eklerle ve toprakla u\u011fra\u015fmak g\u00fcnl\u00fck hayattaki stresinizi al\u0131p g\u00f6t\u00fcr\u00fcrken bah\u00e7enizin de canl\u0131 ve reng\u00e2renk g\u00f6r\u00fcnmesine yard\u0131mc\u0131 olur. Bah\u00e7enizde yeti\u015ftirmek [&hellip;]<\/p>\n","protected":false},"author":1,"featured_media":682,"comment_status":"open","ping_status":"open","sticky":false,"template":"","format":"standard","meta":[],"categories":[4],"tags":[],"_links":{"self":[{"href":"https:\/\/www.estonsehirkoru.com\/blog\/wp-json\/wp\/v2\/posts\/697"}],"collection":[{"href":"https:\/\/www.estonsehirkoru.com\/blog\/wp-json\/wp\/v2\/posts"}],"about":[{"href":"https:\/\/www.estonsehirkoru.com\/blog\/wp-json\/wp\/v2\/types\/post"}],"author":[{"embeddable":true,"href":"https:\/\/www.estonsehirkoru.com\/blog\/wp-json\/wp\/v2\/users\/1"}],"replies":[{"embeddable":true,"href":"https:\/\/www.estonsehirkoru.com\/blog\/wp-json\/wp\/v2\/comments?post=697"}],"version-history":[{"count":1,"href":"https:\/\/www.estonsehirkoru.com\/blog\/wp-json\/wp\/v2\/posts\/697\/revisions"}],"predecessor-version":[{"id":698,"href":"https:\/\/www.estonsehirkoru.com\/blog\/wp-json\/wp\/v2\/posts\/697\/revisions\/698"}],"wp:featuredmedia":[{"embeddable":true,"href":"https:\/\/www.estonsehirkoru.com\/blog\/wp-json\/wp\/v2\/media\/682"}],"wp:attachment":[{"href":"https:\/\/www.estonsehirkoru.com\/blog\/wp-json\/wp\/v2\/media?parent=697"}],"wp:term":[{"taxonomy":"category","embeddable":true,"href":"https:\/\/www.estonsehirkoru.com\/blog\/wp-json\/wp\/v2\/categories?post=697"},{"taxonomy":"post_tag","embeddable":true,"href":"https:\/\/www.estonsehirkoru.com\/blog\/wp-json\/wp\/v2\/tags?post=697"}],"curies":[{"name":"wp","href":"https:\/\/api.w.org\/{rel}","templated":true}]}}