{"id":688,"date":"2020-10-12T20:51:00","date_gmt":"2020-10-12T17:51:00","guid":{"rendered":"https:\/\/www.estonsehirkoru.com\/blog\/?p=688"},"modified":"2020-11-04T20:52:22","modified_gmt":"2020-11-04T17:52:22","slug":"duvar-dekorasyonunun-puf-noktalari","status":"publish","type":"post","link":"https:\/\/www.estonsehirkoru.com\/blog\/duvar-dekorasyonunun-puf-noktalari\/","title":{"rendered":"Duvar Dekorasyonunun P\u00fcf Noktalar\u0131"},"content":{"rendered":"\n<p>Evinizin havas\u0131n\u0131 de\u011fi\u015ftirmek isteyip t\u00fcm mobilyalar\u0131n\u0131\nde\u011fi\u015ftirmek i\u00e7in gerekli vaktiniz ve b\u00fct\u00e7eniz olmayabilir. Fakat odan\u0131z\u0131n\nhavas\u0131n\u0131 de\u011fi\u015ftirmek i\u00e7in bu unsurlara ihtiyac\u0131n\u0131z yok. Duvarlar\u0131n\u0131zda ger\u00e7ekle\u015ftirece\u011finiz\nde\u011fi\u015fiklikler sayesinde daha yeni ve daha \u00e7a\u011fda\u015f bir dekorasyon olu\u015fturman\u0131z\nolduk\u00e7a m\u00fcmk\u00fcn. Odalar\u0131n en b\u00fcy\u00fck unsurlar\u0131 olan duvarlarda yap\u0131lan en k\u00fc\u00e7\u00fck\ndokunu\u015flar bile ortam\u0131 dekorasyon anlam\u0131nda b\u00fcy\u00fck derece etkiler.<\/p>\n\n\n\n<p>G\u00fczel\nG\u00f6steren Aynalar<\/p>\n\n\n\n<p>\u00d6zellikle k\u00fc\u00e7\u00fck odalar\u0131n daha b\u00fcy\u00fck g\u00f6z\u00fckmesinde yard\u0131mc\u0131\nolan aynalar, duvar dekorasyonu konusunda b\u00fcy\u00fck bir \u00f6neme sahiptir. Mek\u00e2n\nalg\u0131s\u0131n\u0131n daha geni\u015f olmas\u0131n\u0131 sa\u011flayan aynalar sayesinde k\u00fc\u00e7\u00fck ya da karanl\u0131k\nodalar\u0131n\u0131 geni\u015f g\u00f6stermek m\u00fcmk\u00fcnd\u00fcr. Bir b\u00fct\u00fcn ayna kullanabilece\u011finiz gibi\nklasik olmas\u0131n\u0131 istemezseniz k\u00fc\u00e7\u00fck k\u00fc\u00e7\u00fck aynalar\u0131 bir araya getirerek de geni\u015f\nbir ayna g\u00f6r\u00fcnt\u00fcs\u00fcne sahip olabilirsiniz.<\/p>\n\n\n\n<p>Mutlu Eden\n\u00c7er\u00e7eveler<\/p>\n\n\n\n<p>\u00c7er\u00e7eveler, akla ilk gelen duvar dekorasyon ara\u00e7lar\u0131d\u0131r.\nDuvarlar\u0131n\u0131zda kullanaca\u011f\u0131n\u0131z \u00e7er\u00e7evelerinizi hem i\u00e7i dolu hem de bo\u015f olarak\ntercih edebilirsiniz. Farkl\u0131 boyutlardaki \u00e7er\u00e7eveleri da\u011f\u0131n\u0131k bir \u015fekilde t\u00fcm\nduvarda kullanarak geni\u015f bir kompozisyon olu\u015fturman\u0131z m\u00fcmk\u00fcnd\u00fcr. \u00c7er\u00e7evelerin\ni\u00e7ini foto\u011fraflarla ya da sizi mutlu eden, sizin d\u00fc\u015f\u00fcncelerinizi yans\u0131tan\ns\u00f6zlerle doldurup duvarlar\u0131n\u0131zdan bir tanesini bu \u00e7er\u00e7eveler i\u00e7in\nay\u0131rabilirsiniz. <\/p>\n\n\n\n<p>\u0130lham Veren\nBoyalar<\/p>\n\n\n\n<p>Duvarlar\u0131 boyamak gibi basit bir dokunu\u015fla bile\nduvarlar\u0131n\u0131z\u0131n ve odan\u0131z\u0131n dekorasyonunu etkileyebilirsiniz. Burada konu oday\u0131\nnas\u0131l boyad\u0131\u011f\u0131n\u0131zd\u0131r. T\u00fcm duvar\u0131 ayn\u0131 renge boyamak yerine sadece bir k\u0131sm\u0131n\u0131\n\u00f6rne\u011fin \u00e7al\u0131\u015fma masan\u0131z\u0131n arkas\u0131n\u0131 ya da televizyon \u00fcnitenizin arkas\u0131n\u0131 farkl\u0131\nbir renge boyayabilirsiniz. B\u00f6ylece hem e\u015fyalar\u0131n\u0131z\u0131n daha \u00e7ok \u00f6ne \u00e7\u0131kmas\u0131n\u0131\nhem de duvar\u0131n tek renk olmamas\u0131n\u0131 sa\u011flars\u0131n\u0131z. Renkler bana yetmiyor\ndiyorsan\u0131z da uzun zamand\u0131r pop\u00fcler olan tu\u011fla duvar fikrini kendi odan\u0131z\u0131n\nduvarlar\u0131na uygulayabilirsiniz. Tu\u011fla duvarlar\u0131 da yine duvar\u0131n bir k\u0131sm\u0131 i\u00e7in\nkullanabilece\u011finiz gibi t\u00fcm bir duvar\u0131n\u0131za da uygulayabilirsiniz. Tu\u011fla\nduvarlar, odan\u0131zda daha s\u0131cak ve farkl\u0131 bir tarz elde etmenize yard\u0131mc\u0131\nolacakt\u0131r. <\/p>\n\n\n\n<p>Tabaklar ve\nRaflar<\/p>\n\n\n\n<p>Bunlara ek olarak duvarlar\u0131n\u0131zda tabaklar veya raflar\nkullanarak da odan\u0131zda k\u00fc\u00e7\u00fck de\u011fi\u015fimlere neden olabilirsiniz. Duvar dekorasyonuna\nbirka\u00e7 ufak dokunu\u015fla odan\u0131z\u0131n ve evinizin havas\u0131n\u0131 ne kadar de\u011fi\u015ftirdi\u011fine\ntan\u0131k olacaks\u0131n\u0131z. Duvar\u0131n\u0131zda uygulad\u0131\u011f\u0131n\u0131z p\u00fcf noktalarla yepyeni bir oda\nhavas\u0131 kataca\u011f\u0131n\u0131z evlerinizde daha huzurlu ve dinamik bir \u015fekilde ya\u015faman\u0131za\nda katk\u0131 sa\u011flayacaks\u0131n\u0131z. T\u00fcm oday\u0131 de\u011fi\u015ftirmeden sadece duvar dekorasyonu\nsayesinde odan\u0131z\u0131n ne denli de\u011fi\u015fti\u011fini g\u00f6r\u00fcnce sizler de \u015fa\u015f\u0131racaks\u0131n\u0131z. <\/p>\n\n\n\n<p>Lambaderle\nraflar\u0131n\u0131z\u0131 ayd\u0131nlat\u0131n <\/p>\n\n\n\n<p>Modern bir lambaderle odan\u0131n \u0131\u015f\u0131k al\u0131m\u0131n\u0131 da y\u00f6netmek sizin\nelinizde. E\u015fyalar\u0131za uygun tonda ya da z\u0131t bir renkt se\u00e7ece\u011finiz lambader hem\ndirekt \u0131\u015f\u0131k alman\u0131z\u0131 engelleyecek hem de ortam\u0131 \u0131s\u0131tacakt\u0131r. Duvarlar\u0131n\u0131za\nasaca\u011f\u0131n\u0131z minik raflar hem kitaplar\u0131n\u0131z\u0131 hem de \u015f\u0131k dekorasyon objelerinizi\nsergilemeniz i\u00e7in g\u00fczel bir ambiyans olu\u015fturacakt\u0131r. <\/p>\n","protected":false},"excerpt":{"rendered":"<p>Evinizin havas\u0131n\u0131 de\u011fi\u015ftirmek isteyip t\u00fcm mobilyalar\u0131n\u0131 de\u011fi\u015ftirmek i\u00e7in gerekli vaktiniz ve b\u00fct\u00e7eniz olmayabilir. Fakat odan\u0131z\u0131n havas\u0131n\u0131 de\u011fi\u015ftirmek i\u00e7in bu unsurlara ihtiyac\u0131n\u0131z yok. Duvarlar\u0131n\u0131zda ger\u00e7ekle\u015ftirece\u011finiz de\u011fi\u015fiklikler sayesinde daha yeni [&hellip;]<\/p>\n","protected":false},"author":1,"featured_media":681,"comment_status":"open","ping_status":"open","sticky":false,"template":"","format":"standard","meta":[],"categories":[4],"tags":[],"_links":{"self":[{"href":"https:\/\/www.estonsehirkoru.com\/blog\/wp-json\/wp\/v2\/posts\/688"}],"collection":[{"href":"https:\/\/www.estonsehirkoru.com\/blog\/wp-json\/wp\/v2\/posts"}],"about":[{"href":"https:\/\/www.estonsehirkoru.com\/blog\/wp-json\/wp\/v2\/types\/post"}],"author":[{"embeddable":true,"href":"https:\/\/www.estonsehirkoru.com\/blog\/wp-json\/wp\/v2\/users\/1"}],"replies":[{"embeddable":true,"href":"https:\/\/www.estonsehirkoru.com\/blog\/wp-json\/wp\/v2\/comments?post=688"}],"version-history":[{"count":1,"href":"https:\/\/www.estonsehirkoru.com\/blog\/wp-json\/wp\/v2\/posts\/688\/revisions"}],"predecessor-version":[{"id":689,"href":"https:\/\/www.estonsehirkoru.com\/blog\/wp-json\/wp\/v2\/posts\/688\/revisions\/689"}],"wp:featuredmedia":[{"embeddable":true,"href":"https:\/\/www.estonsehirkoru.com\/blog\/wp-json\/wp\/v2\/media\/681"}],"wp:attachment":[{"href":"https:\/\/www.estonsehirkoru.com\/blog\/wp-json\/wp\/v2\/media?parent=688"}],"wp:term":[{"taxonomy":"category","embeddable":true,"href":"https:\/\/www.estonsehirkoru.com\/blog\/wp-json\/wp\/v2\/categories?post=688"},{"taxonomy":"post_tag","embeddable":true,"href":"https:\/\/www.estonsehirkoru.com\/blog\/wp-json\/wp\/v2\/tags?post=688"}],"curies":[{"name":"wp","href":"https:\/\/api.w.org\/{rel}","templated":true}]}}