{"id":686,"date":"2020-10-09T20:50:00","date_gmt":"2020-10-09T17:50:00","guid":{"rendered":"https:\/\/www.estonsehirkoru.com\/blog\/?p=686"},"modified":"2020-11-04T20:51:43","modified_gmt":"2020-11-04T17:51:43","slug":"balkon-ve-teraslariniz-sonbahara-hazir-mi","status":"publish","type":"post","link":"https:\/\/www.estonsehirkoru.com\/blog\/balkon-ve-teraslariniz-sonbahara-hazir-mi\/","title":{"rendered":"Balkon ve Teraslar\u0131n\u0131z Sonbahara Haz\u0131r M\u0131?"},"content":{"rendered":"\n<p>Yeni bir mevsim beraberinde yeni bir dekorasyonun da\nhabercisidir. Her ne kadar yaz\u0131n balkon sefalar\u0131n\u0131n tad\u0131 ba\u015fka olsa da havalar\nso\u011fuyor diye balkon ve teraslar\u0131n e\u015fsiz keyiflerini b\u0131rakacak halde de\u011filiz. Sonbahara\nuygun dekorasyonlarla balkon ve teras deneyimlerimizi daha farkl\u0131 keyiflere\n\u00e7evirmek bizim elimizde.<\/p>\n\n\n\n<p>Ortam\u0131\nIs\u0131tan Mumlar<\/p>\n\n\n\n<p>Balkon ve teras dekorasyonlar\u0131 i\u00e7in mumlar \u00f6nemli bir rol\noynuyor. Mumlar, hem serin sonbahar g\u00fcnlerinde ortamlara s\u0131cakl\u0131k verip i\u00e7imizi\n\u0131s\u0131t\u0131yor hem de ortam\u0131n dekorasyonu konusunda yard\u0131mc\u0131 oluyor. Her ne kadar\nk\u00fc\u00e7\u00fck bir e\u015fya gibi g\u00f6r\u00fcnse de sahip oldu\u011fu \u00e7e\u015fitlilik sayesinde her tarza\nhitap eder ve b\u00f6ylece dekorasyon konusunda b\u00fcy\u00fck bir etkiye sahip olur. \u00c7e\u015fit\n\u00e7e\u015fit, renk renk mumlar kullanarak teraslar\u0131n\u0131z\u0131 dekoratif bir hale\ngetirebilirsiniz. Ayr\u0131ca size sonbahar\u0131 an\u0131msatan kokulu mumlar da tercih\nedebilirsiniz. Hem kullan\u0131\u015fl\u0131 oldu\u011fu hem de dekoratif oldu\u011fu i\u00e7in mumlar,\nsonbahar aylar\u0131n\u0131n balkon ve teras dekorasyonlar\u0131nda bir vazge\u00e7ilmez halini\nalm\u0131\u015ft\u0131r.<\/p>\n\n\n\n<p>\u0130\u00e7 Is\u0131tan\nBattaniyeler<\/p>\n\n\n\n<p>Balkon ve teraslar\u0131n\u0131zda sonbahar ruhunu en iyi \u015fekilde\nyakalaman\u0131z\u0131 sa\u011flayacak bir di\u011fer dekorasyon \u00f6nerimiz ise battaniyeler. Koltuk\nya da sandalyelerinizin \u00fczerine \u015fal ve battaniye koyarak misafirlerinizin\n\u00fc\u015f\u00fcmemesini ve beraber daha uzun s\u00fcre vakit ge\u00e7irmenizi sa\u011flars\u0131n\u0131z. Bu\nbattaniyelere bakt\u0131\u011f\u0131n\u0131z anda bile teras\u0131n\u0131z\u0131 saran sonbahar ruhunu kolayl\u0131kla\nhissedeceksiniz. Hem i\u015flevsel hem de dekoratif olan \u015fal ya da battaniyeler\nsayesinde yine tarz\u0131n\u0131za uygun bir dokunu\u015f yapman\u0131z m\u00fcmk\u00fcn.<\/p>\n\n\n\n<p>E\u011fer balkon ya da teras\u0131n\u0131z\u0131n \u00fcst\u00fc a\u00e7\u0131ksa hi\u00e7\nendi\u015felenmeyin. D\u0131\u015far\u0131da kalan e\u015fyalar\u0131n\u0131z\u0131 ya\u011fmurdan korumak ad\u0131na minder ve\ndi\u011fer tekstil \u00fcr\u00fcnleriniz i\u00e7in tarz\u0131n\u0131za uygun su ge\u00e7irmez k\u0131l\u0131flar\nkullanabilirsiniz. K\u0131l\u0131flar, istenilen renk ve desende \u00fcretildi\u011fi i\u00e7in\ndekorasyona ve tarz\u0131n\u0131za uygun bir k\u0131l\u0131f bulman\u0131z olduk\u00e7a kolayd\u0131r. Bu k\u0131l\u0131flar\nsayesinde dekorasyona ufak bir dokunu\u015f yapman\u0131z\u0131n yan\u0131 s\u0131ra a\u00e7\u0131k balkon\ntasar\u0131mlar\u0131nda her defas\u0131nda minderleri i\u00e7eri ta\u015f\u0131ma sorunundan da\nkurtulacaks\u0131n\u0131z.<\/p>\n\n\n\n<p>S\u0131cak S\u0131cak\nRenkler<\/p>\n\n\n\n<p>Sonbahar dekorasyonu denildi\u011finde akla gelen belirli renkler\nbulunur. Bu renkleri; kiremit rengi, hardal sar\u0131s\u0131, toprak tonlar\u0131 olarak\nsayabiliriz. Do\u011fan\u0131n da bu renk tonlar\u0131na b\u00fcr\u00fcnd\u00fc\u011f\u00fc sonbahar aylar\u0131nda, k\u00fc\u00e7\u00fck\nama etkili bir dekorasyon \u00f6nerisi olarak renk se\u00e7imlerinizi de g\u00f6z \u00f6n\u00fcne\nalabilirsiniz. Battaniyelerinizde ya da minder k\u0131l\u0131flar\u0131n\u0131zda bu renk tonlar\u0131n\u0131\nkullanmak sonbahar\u0131n geli\u015fini t\u00fcm balkon ve teras\u0131n\u0131zda hissetmenizi de\nsa\u011flayacakt\u0131r. Ayr\u0131ca balkonunuz i\u00e7in kullanaca\u011f\u0131n\u0131z k\u00fc\u00e7\u00fck aksesuarlar\u0131 da\nsonbahar renklerinde tercih edebilirsiniz. Bu renkleri kullanarak havalar ne\nkadar serin olursa olsun daha s\u0131cak ve samimi bir ortam yaratabilirsiniz. Hatta\nsonbahar\u0131n en g\u00fczel tonlar\u0131n\u0131 ta\u015f\u0131yan nar ve balkabaklar\u0131 ile ortama g\u00fczel bir\netki verebilirsiniz. <\/p>\n\n\n\n<p>Yeni bir mevsimin esintilerini balkon ve teraslar\u0131nda\nhissederek keyifle vakit ge\u00e7irebilece\u011finiz alanlar elde etmeniz \u00e7ok daha kolay.\nHem dekoratif hem de i\u015flevsel dokunu\u015flarla sonbahar boyunca balkon ve teraslar\u0131n\u0131zda\nyeni bir mevsimin heyecan\u0131n\u0131 t\u00fcm\u00fcyle ya\u015fayabilirsiniz. Bu alanlar\u0131 sonbahara\nhaz\u0131r hale getirerek t\u00fcm mevsim boyunca balkon ve teraslar\u0131n\u0131z\u0131n tad\u0131n\u0131\n\u00e7\u0131karabilirsiniz.<\/p>\n","protected":false},"excerpt":{"rendered":"<p>Yeni bir mevsim beraberinde yeni bir dekorasyonun da habercisidir. Her ne kadar yaz\u0131n balkon sefalar\u0131n\u0131n tad\u0131 ba\u015fka olsa da havalar so\u011fuyor diye balkon ve teraslar\u0131n e\u015fsiz keyiflerini b\u0131rakacak [&hellip;]<\/p>\n","protected":false},"author":1,"featured_media":678,"comment_status":"open","ping_status":"open","sticky":false,"template":"","format":"standard","meta":[],"categories":[4],"tags":[],"_links":{"self":[{"href":"https:\/\/www.estonsehirkoru.com\/blog\/wp-json\/wp\/v2\/posts\/686"}],"collection":[{"href":"https:\/\/www.estonsehirkoru.com\/blog\/wp-json\/wp\/v2\/posts"}],"about":[{"href":"https:\/\/www.estonsehirkoru.com\/blog\/wp-json\/wp\/v2\/types\/post"}],"author":[{"embeddable":true,"href":"https:\/\/www.estonsehirkoru.com\/blog\/wp-json\/wp\/v2\/users\/1"}],"replies":[{"embeddable":true,"href":"https:\/\/www.estonsehirkoru.com\/blog\/wp-json\/wp\/v2\/comments?post=686"}],"version-history":[{"count":1,"href":"https:\/\/www.estonsehirkoru.com\/blog\/wp-json\/wp\/v2\/posts\/686\/revisions"}],"predecessor-version":[{"id":687,"href":"https:\/\/www.estonsehirkoru.com\/blog\/wp-json\/wp\/v2\/posts\/686\/revisions\/687"}],"wp:featuredmedia":[{"embeddable":true,"href":"https:\/\/www.estonsehirkoru.com\/blog\/wp-json\/wp\/v2\/media\/678"}],"wp:attachment":[{"href":"https:\/\/www.estonsehirkoru.com\/blog\/wp-json\/wp\/v2\/media?parent=686"}],"wp:term":[{"taxonomy":"category","embeddable":true,"href":"https:\/\/www.estonsehirkoru.com\/blog\/wp-json\/wp\/v2\/categories?post=686"},{"taxonomy":"post_tag","embeddable":true,"href":"https:\/\/www.estonsehirkoru.com\/blog\/wp-json\/wp\/v2\/tags?post=686"}],"curies":[{"name":"wp","href":"https:\/\/api.w.org\/{rel}","templated":true}]}}