{"id":665,"date":"2020-06-26T13:48:49","date_gmt":"2020-06-26T10:48:49","guid":{"rendered":"http:\/\/www.estonsehirkoru.com\/blog\/?p=665"},"modified":"2020-06-26T13:48:49","modified_gmt":"2020-06-26T10:48:49","slug":"minimal-dijitalizim","status":"publish","type":"post","link":"https:\/\/www.estonsehirkoru.com\/blog\/minimal-dijitalizim\/","title":{"rendered":"Minimal Dijitalizim"},"content":{"rendered":"\n<p><strong>Minimal dijitalizm<\/strong>, g\u00fcn\u00fcm\u00fcz\u00fcn en genel\nge\u00e7er tan\u0131mlay\u0131c\u0131s\u0131 olmakla birlikte, bar\u0131nd\u0131rd\u0131\u011f\u0131 dinamik yap\u0131 sayesinde\ngelecekte de tek tan\u0131mlay\u0131c\u0131 olaca\u011f\u0131n\u0131n sinyallerini veriyor.&nbsp; \u0130\u00e7inde\nya\u015fad\u0131\u011f\u0131m\u0131z d\u00fcnyan\u0131n h\u0131zla ve her ge\u00e7en g\u00fcn y\u00fckselen bir ivmeye paralel olarak\ndijitalle\u015fmesi, dile yerle\u015fen kavramlardan, g\u00fcnl\u00fck ya\u015fam pratiklerine kadar\nbir\u00e7ok anlamda de\u011fi\u015fikli\u011fi mecbur k\u0131l\u0131yor. Binlerce y\u0131l \u00f6ncesinde belirtildi\u011fi\ngibi; \u201cDe\u011fi\u015fmeyen tek \u015feyin de\u011fi\u015fim\u201d oldu\u011fu ger\u00e7e\u011fini bir kez daha\ndeneyimliyoruz.&nbsp;<\/p>\n\n\n\n<p><strong>Minimal dijitalizm<\/strong> kavram\u0131n\u0131 anlamak\ni\u00e7in \u00f6ncelikle \u00f6ncelikle minimal s\u00f6zc\u00fc\u011f\u00fcne k\u0131saca de\u011finmek gerekiyor. Bilindi\u011fi\ngibi, bu kavram bir ak\u0131m\u0131 a\u00e7\u0131klamaktad\u0131r. Minimalizm ak\u0131m\u0131, 20. y\u00fczy\u0131l\u0131n ikinci\nyar\u0131s\u0131nda ortaya \u00e7\u0131kan sadelik ile nesnelli\u011fi ifade etmektedir. Kavram\u0131n ikinci\nbile\u015feni olan dijitalizm ise 1990\u2019y\u0131 y\u0131llar itibariyle hayat\u0131m\u0131za k\u00f6kl\u00fc bi\u00e7imde\ngirdi ve her ge\u00e7en y\u0131l teknolojik geli\u015fmelere ba\u011fl\u0131 olarak yerini\nsa\u011flamla\u015ft\u0131rmas\u0131n\u0131 bildi. T\u00fcm ya\u015fam\u0131n dijitalle\u015fti\u011fi g\u00fcn\u00fcm\u00fczde iyice \u0131s\u0131nd\u0131\u011f\u0131m\u0131z\n<strong>minimal dijitalizm<\/strong>, sonundaki \u201cizm\u201d\neki nedeniyle bir ideolojik ve felsefi altyap\u0131ya i\u015faret ediyor. Dolay\u0131s\u0131yla\nteorik oldu\u011fu kadar pratik kar\u015f\u0131l\u0131klar\u0131 da bulunduran s\u00f6z konusu kavram,\nyepyeni bir tablo yarat\u0131yor: Dijitalle\u015fmenin ka\u00e7\u0131n\u0131lmazl\u0131\u011f\u0131\u2026<\/p>\n\n\n\n<h2>Dijitalizm ikilem yarat\u0131r ama\nminimal dijitalizm fayda odakl\u0131d\u0131r ve tercih edilmesi gereken bir d\u00fcsturdur<\/h2>\n\n\n\n<p>Ka\u00e7\u0131n\u0131lmaz bir gereklilik halini alan ve g\u00fcn\u00fcm\u00fcz\u00fc\ntan\u0131mlayan dijitalizm kavram\u0131, ayn\u0131 zamanda ilgin\u00e7 bir ikilemi de beraberinde\ngetiriyor. \u201cYarar sa\u011flar m\u0131? Zarar verir mi?\u201d sorular\u0131yla yo\u011frulan bu ikilem,\nkavram\u0131n kullan\u0131m\u0131n\u0131n insan taraf\u0131ndan ger\u00e7ekle\u015ftirilmesi nedeniyle iki soruya\nda hem evet diyebilecek hem de hay\u0131r diyebilecek sonu\u00e7lar\u0131 ortaya koyabiliyor.\nDi\u011fer bir deyi\u015fle kavram\u0131n i\u015flerlik kazanmas\u0131 sonras\u0131nda ortaya \u00e7\u0131kan\nneticenin, yarar sa\u011flad\u0131\u011f\u0131 ya da zarar verdi\u011fine y\u00f6nelik tespit ve\nde\u011ferlendirmeler, kullan\u0131mdaki niteli\u011fe ve niyete ba\u011fl\u0131 olarak \u015fekilleniyor.\nDolay\u0131s\u0131yla buradaki en \u00f6nemli nokta, kavram\u0131n kullan\u0131m \u015feklindeki ama\u00e7 olmakla\nbirlikte s\u00f6z konusu kullan\u0131m\u0131n ne y\u00f6nde alg\u0131land\u0131\u011f\u0131 da ayr\u0131ca \u00f6nemli bir ba\u015fka\nnoktay\u0131 olu\u015fturuyor.&nbsp;<\/p>\n\n\n\n<h2>Minimal dijitalizmden\nfaydalanabilmek m\u00fcmk\u00fcn m\u00fc?&nbsp;<\/h2>\n\n\n\n<p>Bir \u00f6nceki ba\u015fl\u0131k alt\u0131nda k\u0131saca belirtti\u011fimiz gibi\nsoruya olumlu yan\u0131t verilebilir. Yani <strong>minimal\ndijitalizmden<\/strong> faydalanmak kesinlikle m\u00fcmk\u00fcn. Bu fayday\u0131 ortaya koymak ad\u0131na\nyap\u0131labilecek ilk i\u015f ise yan\u0131m\u0131zdan ay\u0131ramad\u0131\u011f\u0131m\u0131z dijital \u00fcr\u00fcnleri\ngerekliliklerini sorgulamak olmal\u0131. Bu gereklilikle birlikte sat\u0131n ald\u0131\u011f\u0131m\u0131z,\nsahip oldu\u011fumuz t\u00fcm dijital \u00fcr\u00fcnlerin say\u0131s\u0131nda de\u011fi\u015fikli\u011fe gitmek ve\n\u00f6nceliklendirmeler sayesinde bu dijital \u00fcr\u00fcnlerin say\u0131s\u0131n\u0131 makul seviyeye\n\u00e7ekmek, minimal dijitalizm sayesinde iyi hissetmeniz i\u00e7in yorucu olmayan bir\nse\u00e7enek olarak duruyor.<\/p>\n\n\n\n<h2>Elimiz aya\u011f\u0131m\u0131z olan bilgisayar\u0131n\nmasa\u00fcst\u00fcnde sadele\u015ftirmeye gitmek&nbsp;<\/h2>\n\n\n\n<figure class=\"wp-block-image size-large\"><img loading=\"lazy\" width=\"943\" height=\"629\" src=\"http:\/\/www.estonsehirkoru.com\/blog\/wp-content\/uploads\/2020\/06\/Resim2.png\" alt=\"\" class=\"wp-image-666\" srcset=\"https:\/\/www.estonsehirkoru.com\/blog\/wp-content\/uploads\/2020\/06\/Resim2.png 943w, https:\/\/www.estonsehirkoru.com\/blog\/wp-content\/uploads\/2020\/06\/Resim2-300x200.png 300w, https:\/\/www.estonsehirkoru.com\/blog\/wp-content\/uploads\/2020\/06\/Resim2-768x512.png 768w\" sizes=\"(max-width: 943px) 100vw, 943px\" \/><\/figure>\n\n\n\n<p>G\u00fcn\u00fcm\u00fcz\u00fcn \u015fartlar\u0131 gere\u011fi bilgisayarlar da i\u015fimizin\nbir par\u00e7as\u0131 oldu\u011fu gibi mesai sonras\u0131 kullan\u0131mlarda da \u00f6ncelikli ara\u00e7lar\u0131m\u0131z\nhaline geldi. Minimalist anlay\u0131\u015f\u0131n gerektirdi\u011fi sadeli\u011fi ve nesnelli\u011fi,\ncihaz\u0131n\u0131zda ger\u00e7ekle\u015ftirece\u011finiz basit bir disiplinel bak\u0131\u015f a\u00e7\u0131s\u0131yla olduk\u00e7a\nkolay bir \u015fekilde sa\u011flayabilirsiniz.&nbsp;<\/p>\n\n\n\n<p>Bilgisayar\u0131n\u0131z masa\u00fcst\u00fcne bir g\u00f6z at\u0131n. Gereksiz olan\ndosyalar\u0131n silinmesi size zarar vermeyecektir. \u00d6te yandan da\u011f\u0131n\u0131k duran\ndosyalar\u0131n\u0131z\u0131 kategorize etmek ve da\u011f\u0131n\u0131kl\u0131\u011f\u0131 ortadan kald\u0131rmak size kendinizi\niyi hissettirebilecek basit bir y\u00f6ntem. Denemeye de\u011fer\u2026&nbsp;<\/p>\n\n\n\n<p><strong>Minimal dijitalizm<\/strong> g\u00fcn\u00fcm\u00fcz\nko\u015fu\u015fturmas\u0131nda dinlenmeniz i\u00e7in iyi bir durak olabilir<\/p>\n\n\n\n<p>Sadelik\nve dolay\u0131s\u0131yla minimalizm, beyninizin yorulmas\u0131n\u0131 engelleyecek, size iyi gelebilecek\nbir yarar ve iyilik hali vadediyor. Bu yarar\u0131 ortaya koymak ise g\u00f6r\u00fcld\u00fc\u011f\u00fc gibi\nolduk\u00e7a basit iki y\u00f6ntemle dahi m\u00fcmk\u00fcn. Bu y\u00f6ntemleri deneyimlemek ve test\netmek sizin elinizde.&nbsp;<\/p>\n","protected":false},"excerpt":{"rendered":"<p>Minimal dijitalizm, g\u00fcn\u00fcm\u00fcz\u00fcn en genel ge\u00e7er tan\u0131mlay\u0131c\u0131s\u0131 olmakla birlikte, bar\u0131nd\u0131rd\u0131\u011f\u0131 dinamik yap\u0131 sayesinde gelecekte de tek tan\u0131mlay\u0131c\u0131 olaca\u011f\u0131n\u0131n sinyallerini veriyor.&nbsp; \u0130\u00e7inde ya\u015fad\u0131\u011f\u0131m\u0131z d\u00fcnyan\u0131n h\u0131zla ve her ge\u00e7en g\u00fcn [&hellip;]<\/p>\n","protected":false},"author":1,"featured_media":667,"comment_status":"open","ping_status":"open","sticky":false,"template":"","format":"standard","meta":[],"categories":[1],"tags":[],"_links":{"self":[{"href":"https:\/\/www.estonsehirkoru.com\/blog\/wp-json\/wp\/v2\/posts\/665"}],"collection":[{"href":"https:\/\/www.estonsehirkoru.com\/blog\/wp-json\/wp\/v2\/posts"}],"about":[{"href":"https:\/\/www.estonsehirkoru.com\/blog\/wp-json\/wp\/v2\/types\/post"}],"author":[{"embeddable":true,"href":"https:\/\/www.estonsehirkoru.com\/blog\/wp-json\/wp\/v2\/users\/1"}],"replies":[{"embeddable":true,"href":"https:\/\/www.estonsehirkoru.com\/blog\/wp-json\/wp\/v2\/comments?post=665"}],"version-history":[{"count":1,"href":"https:\/\/www.estonsehirkoru.com\/blog\/wp-json\/wp\/v2\/posts\/665\/revisions"}],"predecessor-version":[{"id":668,"href":"https:\/\/www.estonsehirkoru.com\/blog\/wp-json\/wp\/v2\/posts\/665\/revisions\/668"}],"wp:featuredmedia":[{"embeddable":true,"href":"https:\/\/www.estonsehirkoru.com\/blog\/wp-json\/wp\/v2\/media\/667"}],"wp:attachment":[{"href":"https:\/\/www.estonsehirkoru.com\/blog\/wp-json\/wp\/v2\/media?parent=665"}],"wp:term":[{"taxonomy":"category","embeddable":true,"href":"https:\/\/www.estonsehirkoru.com\/blog\/wp-json\/wp\/v2\/categories?post=665"},{"taxonomy":"post_tag","embeddable":true,"href":"https:\/\/www.estonsehirkoru.com\/blog\/wp-json\/wp\/v2\/tags?post=665"}],"curies":[{"name":"wp","href":"https:\/\/api.w.org\/{rel}","templated":true}]}}