{"id":651,"date":"2020-02-18T21:55:00","date_gmt":"2020-02-18T18:55:00","guid":{"rendered":"http:\/\/www.estonsehirkoru.com\/blog\/?p=651"},"modified":"2020-02-27T21:59:18","modified_gmt":"2020-02-27T18:59:18","slug":"istanbuldaki-guzel-sanatlar-muzeleri","status":"publish","type":"post","link":"https:\/\/www.estonsehirkoru.com\/blog\/istanbuldaki-guzel-sanatlar-muzeleri\/","title":{"rendered":"\u0130stanbul&#8217;daki G\u00fczel Sanatlar M\u00fczeleri"},"content":{"rendered":"\n<p>\u0130stanbul\u2019da i\u015f hayat\u0131n\u0131n ve\ng\u00fcnl\u00fck aktivitelerin ko\u015fu\u015fturmas\u0131 i\u00e7inde, yan\u0131 ba\u015f\u0131m\u0131zdaki baz\u0131 g\u00fczellikleri\nka\u00e7\u0131r\u0131yoruz. Bu \u015fehirde ya\u015fay\u0131p hala pek \u00e7ok \u00f6zel tarihi, turistik ve sanatsal\nyerleri gezmemi\u015f ki\u015filerdenseniz yaln\u0131z olmad\u0131\u011f\u0131n\u0131z\u0131 bilmelisiniz. <\/p>\n\n\n\n<p>Bu yaz\u0131m\u0131zda sizlere \u015fehirdeki <strong>g\u00fczel sanatlar m\u00fczelerinden<\/strong> bahsetmek\nistiyoruz. M\u00fcze gezmek baz\u0131lar\u0131n\u0131z\u0131n d\u00fc\u015f\u00fcnd\u00fc\u011f\u00fcn\u00fcn aksine hi\u00e7 de s\u0131k\u0131c\u0131 de\u011fil ve\nbizi renklerin b\u00fcy\u00fcl\u00fc d\u00fcnyas\u0131na al\u0131p g\u00f6t\u00fcren <strong>g\u00fczel sanatlar m\u00fczeleri<\/strong> bunun en g\u00fczel kan\u0131t\u0131. \u0130\u015fte sizin i\u00e7in se\u00e7ti\u011fimiz\nm\u00fczeler!<\/p>\n\n\n\n<h2>\u0130stanbul Modern Sanat M\u00fczesi<\/h2>\n\n\n\n<figure class=\"wp-block-image size-large\"><img loading=\"lazy\" width=\"458\" height=\"244\" src=\"http:\/\/www.estonsehirkoru.com\/blog\/wp-content\/uploads\/2020\/02\/istanbul-modern.jpg\" alt=\"\" class=\"wp-image-652\" srcset=\"https:\/\/www.estonsehirkoru.com\/blog\/wp-content\/uploads\/2020\/02\/istanbul-modern.jpg 458w, https:\/\/www.estonsehirkoru.com\/blog\/wp-content\/uploads\/2020\/02\/istanbul-modern-300x160.jpg 300w\" sizes=\"(max-width: 458px) 100vw, 458px\" \/><\/figure>\n\n\n\n<p>\u201c\u0130stanbul Modern\u201d deyince her\n\u0130stanbullunun bilece\u011fi bu g\u00fczel ve verimli \u00e7al\u0131\u015fmalara sahne olan m\u00fcze\nEczac\u0131ba\u015f\u0131 Grubu\u2019nun katk\u0131lar\u0131yla kuruldu. \u0130lk kez Karak\u00f6y\u2019de kurulan ve\nT\u00fcrkiye\u2019nin k\u00fclt\u00fcrel kimli\u011finin uluslararas\u0131 sanat ortam\u0131yla payla\u015f\u0131lmas\u0131na\narac\u0131l\u0131k etme misyonunu \u00fcstlenen m\u00fcze, \u015fimdilerde ge\u00e7ici olarak Beyo\u011flu\nAsmal\u0131mescit\u2019teki yerinde. Modern ve \u00e7a\u011fda\u015f sanat yap\u0131tlar\u0131n\u0131 koleksiyonunda\ntoplayan \u0130stanbul Modern\u2019in ge\u00e7ici mek\u00e2n\u0131n\u0131n ikinci ve \u00fc\u00e7\u00fcnc\u00fc katlar\u0131nda\ns\u00fcrekli olarak \u0130stanbul Modern\u2019in kendisine ait olan koleksiyon sergilenmekte.\n-1 ve 1.katta ise s\u00fcreli sergiler izleyiciyle bulu\u015furken;4. Katta foto\u011fraf\nsergileri yer al\u0131yor. <\/p>\n\n\n\n<p>\u0130stanbul Modern Sanat M\u00fczesi\u2019nde,\n3 May\u0131s\u2019a kadar, yazar ve sanat\u00e7\u0131 portreleriyle tan\u0131nan L\u00fctfi \u00d6zk\u00f6k\u2019\u00fcn\nfoto\u011fraflar\u0131n\u0131n yer ald\u0131\u011f\u0131 \u201cPortreler\u201d sergisinin yan\u0131 s\u0131ra, g\u00fcn\u00fcm\u00fcz d\u00fcnyas\u0131nda\ninsanl\u0131k hallerine odaklanan \u201c\u015eimdinin Pe\u015finde\u201d adl\u0131 koleksiyon sergiyi de\ntakip edebilirsiniz. Sergide, insan\u0131n kentle, do\u011fayla, fiziki \u00e7evresiyle ve\nkendi benli\u011fiyle olan ili\u015fkilerinin, tarihsel, toplumsal ve ki\u015fisel ba\u011flamda\nirdelendi\u011fi yap\u0131tlar var. <\/p>\n\n\n\n<h2>Arter M\u00fczesi<\/h2>\n\n\n\n<figure class=\"wp-block-image size-large\"><img loading=\"lazy\" width=\"789\" height=\"1024\" src=\"http:\/\/www.estonsehirkoru.com\/blog\/wp-content\/uploads\/2020\/02\/arter-789x1024.png\" alt=\"\" class=\"wp-image-653\" srcset=\"https:\/\/www.estonsehirkoru.com\/blog\/wp-content\/uploads\/2020\/02\/arter-789x1024.png 789w, https:\/\/www.estonsehirkoru.com\/blog\/wp-content\/uploads\/2020\/02\/arter-231x300.png 231w, https:\/\/www.estonsehirkoru.com\/blog\/wp-content\/uploads\/2020\/02\/arter-768x997.png 768w, https:\/\/www.estonsehirkoru.com\/blog\/wp-content\/uploads\/2020\/02\/arter.png 791w\" sizes=\"(max-width: 789px) 100vw, 789px\" \/><\/figure>\n\n\n\n<p>2010-2018 y\u0131llar\u0131 aras\u0131nda \u0130stiklal Caddesi\u2019ndeki\nbinas\u0131nda bir\u00e7ok sergiyi izleyicilerle bulu\u015fturan Arter, Ko\u00e7 Vakf\u0131 \u015femsiyesi alt\u0131nda\nart\u0131k Dolapdere\u2019deki yeni yerinde. Arter hedefini, g\u00fcn\u00fcm\u00fcz sanat\u0131n\u0131 t\u00fcm\nboyutlar\u0131yla geni\u015f kitlelerle bulu\u015fturmak olarak tan\u0131ml\u0131yor. Arter, sadece\nkoleksiyon ve sergilerin sunuldu\u011fu bir <strong>m\u00fcze<\/strong>\nolarak tasarlanmam\u0131\u015f. Ayn\u0131 zamanda sahne sanatlar\u0131, klasik, \u00e7a\u011fda\u015f ve\nelektronik m\u00fczik, film, performans sanatlar\u0131 ve dijital sanatlar gibi pek \u00e7ok\ndisiplinin yenilik\u00e7i \u00f6rneklerinin sergilendi\u011fi iki g\u00f6steri salonu ve i\u00e7inde\nya\u015fad\u0131\u011f\u0131m\u0131z zaman\u0131 sanat arac\u0131l\u0131\u011f\u0131yla yorumlayan etkinliklerin ele al\u0131nd\u0131\u011f\u0131\n\u00f6\u011frenme programlar\u0131 da mevcut. <\/p>\n\n\n\n<p>Arter \u2019de bu aralar; \u201cSaat Ka\u00e7?\u201d, \u201cKelimeler Pek\nGereksiz\u201d, \u201cAltan G\u00fcrman\u201d, \u201cAy\u015fe Erkmen: Beyaz\u0131mt\u0131rak\u201d ve \u201c\u0130nci Furni: Bir An\n\u0130\u00e7in Durdu\u201d sergilerini takip edebilirsiniz. M\u00fczenin \u00f6zellikle \u00e7ocuklara hitap\neden \u00f6\u011frenme programlar\u0131 da \u00e7ok ilgi \u00e7ekici. Gerek \u00e7ocuklar gerekse yeti\u015fkinler\ni\u00e7in olan at\u00f6lye programlar\u0131n\u0131 m\u00fczenin internet sitesinden takip ederek kat\u0131l\u0131m\nsa\u011flayabilirsiniz.<\/p>\n\n\n\n<h2>Pera M\u00fczesi<\/h2>\n\n\n\n<div class=\"wp-block-image\"><figure class=\"alignleft size-large\"><img loading=\"lazy\" width=\"313\" height=\"496\" src=\"http:\/\/www.estonsehirkoru.com\/blog\/wp-content\/uploads\/2020\/02\/pm_hakkimizda_sol.jpg\" alt=\"\" class=\"wp-image-654\" srcset=\"https:\/\/www.estonsehirkoru.com\/blog\/wp-content\/uploads\/2020\/02\/pm_hakkimizda_sol.jpg 313w, https:\/\/www.estonsehirkoru.com\/blog\/wp-content\/uploads\/2020\/02\/pm_hakkimizda_sol-189x300.jpg 189w\" sizes=\"(max-width: 313px) 100vw, 313px\" \/><\/figure><\/div>\n\n\n\n<p>Suna ve \u0130nan K\u0131ra\u00e7 Vakf\u0131\u2019n\u0131n\n\u00e7abalar\u0131yla kurulan ve i\u015fleyen Pera M\u00fczesi, bir m\u00fcze-k\u00fclt\u00fcr merkezi i\u015flevini\nta\u015f\u0131ma misyonunu \u00fcstleniyor. M\u00fczenin s\u00fcrekli eserleri, \u201cOryantalist Resim\u201d,\n\u201cAnadolu A\u011f\u0131rl\u0131k ve \u00d6l\u00e7\u00fcleri\u201d ve \u201cK\u00fctahya \u00c7ini ve Seramikleri\u201d\nkoleksiyonlar\u0131ndan olu\u015fuyor. Bunun d\u0131\u015f\u0131nda m\u00fczenin s\u00fcreli sergileri de \u00e7ok ilgi\n\u00e7ekmekte. Joan Miro, Marc Chagall, Pablo Picasso ve Frida Kahlo, Pera M\u00fczesi\nsayesinde g\u00f6rme f\u0131rsat\u0131 yakalad\u0131\u011f\u0131m\u0131z sanat\u00e7\u0131lar\u0131n sadece birka\u00e7 tanesi.\nM\u00fczenin, t\u00fcm sergilerini, kitaplar, s\u00f6zel etkinlikler ve \u00e7ocuk \u00f6\u011frenme\nprogramlar\u0131yla desteklemesi de takdire \u015fayan uygulamalar. <\/p>\n\n\n\n<p>\u015eu s\u0131ralar Pera M\u00fczesi\u2019nde\ndevaml\u0131 sergilerin yan\u0131nda, 1839\u2019da foto\u011fraf\u0131n bulunu\u015funun ilan\u0131 ve ilk\nfoto\u011fraf gezisinin ger\u00e7ekle\u015fmesinin 180.y\u0131l\u0131nda ayn\u0131 rotay\u0131 g\u00fcn\u00fcm\u00fcz tekni\u011fiyle\nke\u015ffeden foto\u011fraf sanat\u00e7\u0131lar\u0131n\u0131n eserlerinin yer ald\u0131\u011f\u0131; \u201cBir Yol \u00d6yk\u00fcs\u00fc: Foto\u011fraf\u0131n\nArd\u0131nda 180 Y\u0131l\u201d sergisi var. Sergi, Mart ay\u0131na kadar gezilebilir.<\/p>\n\n\n\n<h2>Sak\u0131p Sabanc\u0131 M\u00fczesi<\/h2>\n\n\n\n<p>Emirgan\u2019da yer alan Sak\u0131p Sabanc\u0131\nM\u00fczesi(SSM) t\u0131pk\u0131 di\u011fer m\u00fczeler gibi s\u00fcrekli koleksiyonlar\u0131 olmas\u0131n\u0131n yan\u0131 s\u0131ra\ns\u00fcreli koleksiyonlara da yer veriyor. En son Avni Lifij Sergisi\u2019ne yer veren\nSSM\u2019nin de konuk sergileri dikkat \u00e7ekiyor. Ama \u00f6ncelikle SSM\u2019yi gezerek\ng\u00f6rebilece\u011finiz daimi koleksiyonlardan bahsedelim.<\/p>\n\n\n\n<p>SSM\u2019de, \u201cKitap Sanatlar\u0131 ve Hat\nKoleksiyonu\u2019nun yan\u0131 s\u0131ra; Osman Hamdi Bey, \u015eeker Ahmed Pa\u015fa, \u0130brahim \u00c7all\u0131,\nFeyhaman Duran, Fikret Mualla gibi \u00e7ok \u00f6nemli isimlerin yer ald\u0131\u011f\u0131 bir resim\nkoleksiyonu bulunuyor. Mobilya ve Dekoratif Eserler Koleksiyonu ise e\u015fsiz\ng\u00fczellikte Sevres vazolar\u0131, avizeler ve bunlar\u0131 tamamlayan objeler i\u00e7eriyor.\nAbidin Dino ar\u015fivinde bulunan, \u00f6zellikle yaz\u0131\u015fmalar ve sanat\u00e7\u0131 taraf\u0131ndan kesip\nsaklanan gazete haberleri \u00e7ok \u00f6nemli tarihi kaynaklar. Emirgan ile ilgili de\ndetayl\u0131 bir ar\u015fiv mevcut.<\/p>\n\n\n\n<p>&nbsp;\u201cG\u00f6r\u00fcnenin \u00d6tesinde Osman Hamdi Bey\u201d sergisi,\nOsman Hamdi Bey\u2019in eserlerini yaparken kulland\u0131\u011f\u0131 tekniklere dair bulgular\u0131n\nizini s\u00fcren ilgin\u00e7 bir \u00e7al\u0131\u015fman\u0131n \u00fcr\u00fcn\u00fc. Bu bulgulara ula\u015fmak i\u00e7in x-\u0131\u015f\u0131n\u0131\ng\u00f6r\u00fcnt\u00fcleme tekni\u011fi, pigment analizi, tuval bezinin t\u00fcr\u00fcn\u00fcn belirlenmesi gibi\ny\u00f6ntemlere ba\u015fvurulmu\u015f.<\/p>\n\n\n\n<p>SSM\u2019de \u015eubat ay\u0131 boyunca, Marina\nAbramovi\u00e7+Mai sergisinin sanat\u00e7\u0131 performanslar\u0131n\u0131 izleyebilirsiniz.<\/p>\n\n\n\n<figure class=\"wp-block-image size-large\"><img loading=\"lazy\" width=\"640\" height=\"640\" src=\"http:\/\/www.estonsehirkoru.com\/blog\/wp-content\/uploads\/2020\/02\/sabanc\u0131-mu\u0308zesi.jpg\" alt=\"\" class=\"wp-image-655\" srcset=\"https:\/\/www.estonsehirkoru.com\/blog\/wp-content\/uploads\/2020\/02\/sabanc\u0131-mu\u0308zesi.jpg 640w, https:\/\/www.estonsehirkoru.com\/blog\/wp-content\/uploads\/2020\/02\/sabanc\u0131-mu\u0308zesi-300x300.jpg 300w, https:\/\/www.estonsehirkoru.com\/blog\/wp-content\/uploads\/2020\/02\/sabanc\u0131-mu\u0308zesi-150x150.jpg 150w\" sizes=\"(max-width: 640px) 100vw, 640px\" \/><\/figure>\n\n\n\n<h2>Elgiz M\u00fczesi<\/h2>\n\n\n\n<div class=\"wp-block-image\"><figure class=\"alignleft size-large\"><img loading=\"lazy\" width=\"1000\" height=\"667\" src=\"http:\/\/www.estonsehirkoru.com\/blog\/wp-content\/uploads\/2020\/02\/Surekli-Koleksiyon_Aug-13.jpg\" alt=\"\" class=\"wp-image-656\" srcset=\"https:\/\/www.estonsehirkoru.com\/blog\/wp-content\/uploads\/2020\/02\/Surekli-Koleksiyon_Aug-13.jpg 1000w, https:\/\/www.estonsehirkoru.com\/blog\/wp-content\/uploads\/2020\/02\/Surekli-Koleksiyon_Aug-13-300x200.jpg 300w, https:\/\/www.estonsehirkoru.com\/blog\/wp-content\/uploads\/2020\/02\/Surekli-Koleksiyon_Aug-13-768x512.jpg 768w\" sizes=\"(max-width: 1000px) 100vw, 1000px\" \/><\/figure><\/div>\n\n\n\n<p>T\u00fcrkiye\u2019nin ilk \u00e7a\u011fda\u015f sanat\nm\u00fczesi olan Elgiz M\u00fczesi, Maslak\u2019ta yer al\u0131yor. M\u00fczede s\u00fcrekli olan Elgiz\nKoleksiyonu yan\u0131nda ge\u00e7ici sergilere de yer verilmekte. M\u00fcze \u015fu aralar, Nil\u00fcfer\nErgin\u2019in \u201cAlacakaranl\u0131ktan Fragmanlar \u201dadl\u0131 yap\u0131t\u0131na ev sahipli\u011fi yap\u0131yor. <\/p>\n\n\n\n<h2>Perili K\u00f6\u015fk<\/h2>\n\n\n\n<figure class=\"wp-block-image size-large\"><img loading=\"lazy\" width=\"602\" height=\"1024\" src=\"http:\/\/www.estonsehirkoru.com\/blog\/wp-content\/uploads\/2020\/02\/perili_kosk_deniz_2-602x1024.jpg\" alt=\"\" class=\"wp-image-657\" srcset=\"https:\/\/www.estonsehirkoru.com\/blog\/wp-content\/uploads\/2020\/02\/perili_kosk_deniz_2-602x1024.jpg 602w, https:\/\/www.estonsehirkoru.com\/blog\/wp-content\/uploads\/2020\/02\/perili_kosk_deniz_2-176x300.jpg 176w, https:\/\/www.estonsehirkoru.com\/blog\/wp-content\/uploads\/2020\/02\/perili_kosk_deniz_2-768x1307.jpg 768w, https:\/\/www.estonsehirkoru.com\/blog\/wp-content\/uploads\/2020\/02\/perili_kosk_deniz_2-902x1536.jpg 902w, https:\/\/www.estonsehirkoru.com\/blog\/wp-content\/uploads\/2020\/02\/perili_kosk_deniz_2.jpg 1175w\" sizes=\"(max-width: 602px) 100vw, 602px\" \/><\/figure>\n\n\n\n<p>Borusan\u2019\u0131n \u00e7a\u011fda\u015f sanat koleksiyonunun\nse\u00e7kin \u00f6rnekleri ile T\u00fcrkiye\u2019den ve d\u00fcnyadan \u00f6nemli k\u00fcrat\u00f6rlerin olu\u015fturdu\u011fu\nsergiler hafta sonu ziyaret\u00e7ilerin ilgisine sunuluyor. Borusan\u2019\u0131n\nkoleksiyonunda yer alan yakla\u015f\u0131k 800 eser; bask\u0131, foto\u011fraf, \u0131\u015f\u0131k sanat\u0131, resim,\nheykel, video ve yeni medya kategorilerine ayr\u0131lm\u0131\u015f ve her kategoriden baz\u0131\n\u00f6rnekler internet sitelerinde payla\u015f\u0131lm\u0131\u015f. Bu aralar m\u00fczede, \u201cS\u00f6ylenir ve Yar\u0131m\nKal\u0131r B\u00fct\u00fcn A\u015fklar Yery\u00fcz\u00fcnde II\u201d koleksiyon sergisi ve \u201cBill Viola: Ge\u00e7ici\u201d\nsergisi yer almakta.<\/p>\n\n\n\n<p>Birbirinden keyifli t\u00fcm bu\nm\u00fczeleri bir g\u00fcnde gezmeniz tabii ki m\u00fcmk\u00fcn de\u011fil. \u00dcstelik \u0130stanbul\u2019da <strong>g\u00fczel sanatlar m\u00fczeleri <\/strong>d\u0131\u015f\u0131nda de\u011fi\u015fik\nkonseptlere sahip ba\u015fka m\u00fczeler de var. Ama zaten \u0130stanbul\u2019u g\u00fczel yapan da bu\n\u00e7e\u015fitlilik de\u011fil mi?<\/p>\n","protected":false},"excerpt":{"rendered":"<p>\u0130stanbul\u2019da i\u015f hayat\u0131n\u0131n ve g\u00fcnl\u00fck aktivitelerin ko\u015fu\u015fturmas\u0131 i\u00e7inde, yan\u0131 ba\u015f\u0131m\u0131zdaki baz\u0131 g\u00fczellikleri ka\u00e7\u0131r\u0131yoruz. Bu \u015fehirde ya\u015fay\u0131p hala pek \u00e7ok \u00f6zel tarihi, turistik ve sanatsal yerleri gezmemi\u015f ki\u015filerdenseniz yaln\u0131z [&hellip;]<\/p>\n","protected":false},"author":1,"featured_media":658,"comment_status":"open","ping_status":"open","sticky":false,"template":"","format":"standard","meta":[],"categories":[1,2],"tags":[],"_links":{"self":[{"href":"https:\/\/www.estonsehirkoru.com\/blog\/wp-json\/wp\/v2\/posts\/651"}],"collection":[{"href":"https:\/\/www.estonsehirkoru.com\/blog\/wp-json\/wp\/v2\/posts"}],"about":[{"href":"https:\/\/www.estonsehirkoru.com\/blog\/wp-json\/wp\/v2\/types\/post"}],"author":[{"embeddable":true,"href":"https:\/\/www.estonsehirkoru.com\/blog\/wp-json\/wp\/v2\/users\/1"}],"replies":[{"embeddable":true,"href":"https:\/\/www.estonsehirkoru.com\/blog\/wp-json\/wp\/v2\/comments?post=651"}],"version-history":[{"count":1,"href":"https:\/\/www.estonsehirkoru.com\/blog\/wp-json\/wp\/v2\/posts\/651\/revisions"}],"predecessor-version":[{"id":659,"href":"https:\/\/www.estonsehirkoru.com\/blog\/wp-json\/wp\/v2\/posts\/651\/revisions\/659"}],"wp:featuredmedia":[{"embeddable":true,"href":"https:\/\/www.estonsehirkoru.com\/blog\/wp-json\/wp\/v2\/media\/658"}],"wp:attachment":[{"href":"https:\/\/www.estonsehirkoru.com\/blog\/wp-json\/wp\/v2\/media?parent=651"}],"wp:term":[{"taxonomy":"category","embeddable":true,"href":"https:\/\/www.estonsehirkoru.com\/blog\/wp-json\/wp\/v2\/categories?post=651"},{"taxonomy":"post_tag","embeddable":true,"href":"https:\/\/www.estonsehirkoru.com\/blog\/wp-json\/wp\/v2\/tags?post=651"}],"curies":[{"name":"wp","href":"https:\/\/api.w.org\/{rel}","templated":true}]}}