{"id":645,"date":"2020-02-24T21:52:00","date_gmt":"2020-02-24T18:52:00","guid":{"rendered":"http:\/\/www.estonsehirkoru.com\/blog\/?p=645"},"modified":"2020-02-27T21:55:16","modified_gmt":"2020-02-27T18:55:16","slug":"bahcesehirde-yeni-merkezler","status":"publish","type":"post","link":"https:\/\/www.estonsehirkoru.com\/blog\/bahcesehirde-yeni-merkezler\/","title":{"rendered":"Bah\u00e7e\u015fehir&#8217;de Yeni Merkezler"},"content":{"rendered":"\n<h1>BAH\u00c7E\u015eEH\u0130R\u2019DE YEN\u0130 MERKEZLER<\/h1>\n\n\n\n<p>Sa\u011flam zemini ve kentsel\nd\u00f6n\u00fc\u015f\u00fcm\u00fcn yeni merkezi olmas\u0131yla dikkat \u00e7eken, \u015fehrin yeni merkezi Bah\u00e7e\u015fehir\nve \u00e7evresinde sosyal ya\u015fam giderek renkleniyor. Bah\u00e7e\u015fehir, Beylikd\u00fcz\u00fc ve\nAvc\u0131lar Bar\u0131\u015f Man\u00e7o K\u00fclt\u00fcr Merkezleri b\u00f6lgeye sanatsal ve k\u00fclt\u00fcrel bir canl\u0131l\u0131k\nkatarken, Hayal Kahvesi gibi etkinlik merkezleri, restoran ve kafeler ve\nG\u00f6let\u2019in etraf\u0131ndaki sportif tesislerle oyun alanlar\u0131 da b\u00f6lgeyi\nhareketlendiren unsurlar.<\/p>\n\n\n\n<figure class=\"wp-block-image size-large\"><img loading=\"lazy\" width=\"1000\" height=\"282\" src=\"http:\/\/www.estonsehirkoru.com\/blog\/wp-content\/uploads\/2020\/02\/7746963.jpg\" alt=\"\" class=\"wp-image-646\" srcset=\"https:\/\/www.estonsehirkoru.com\/blog\/wp-content\/uploads\/2020\/02\/7746963.jpg 1000w, https:\/\/www.estonsehirkoru.com\/blog\/wp-content\/uploads\/2020\/02\/7746963-300x85.jpg 300w, https:\/\/www.estonsehirkoru.com\/blog\/wp-content\/uploads\/2020\/02\/7746963-768x217.jpg 768w\" sizes=\"(max-width: 1000px) 100vw, 1000px\" \/><\/figure>\n\n\n\n<h2>Bah\u00e7e\u015fehir \u2019de Bir K\u00fclt\u00fcr Merkezi<\/h2>\n\n\n\n<p>Bah\u00e7e\u015fehir\u2019e yeni kazand\u0131r\u0131lan\nBah\u00e7e\u015fehir K\u00fclt\u00fcr Merkezi, farkl\u0131 mimarisi ve teknik donan\u0131m\u0131yla ilgi \u00e7ekiyor.\nMerkezde g\u00f6sterilerin yap\u0131ld\u0131\u011f\u0131 b\u00fcy\u00fck bir amfi salon, 560 metrekarelik bir\nsahne, hatta orkestra \u00e7ukuru var. Bu y\u00f6nleriyle, Bah\u00e7e\u015fehir K\u00fclt\u00fcr Merkezi\u2019nin\nsahnesinde ulusal ya da uluslararas\u0131 \u00f6l\u00e7ekte b\u00fcy\u00fck bir prod\u00fcksiyonu izlemek de\nayr\u0131 bir zevk olsa gerek. \u00dcstelik a\u00e7\u0131k ve kapal\u0131 otoparklar\u0131 da ziyaret\u00e7ileri\nolduk\u00e7a rahat ettirecek kapasitede. <\/p>\n\n\n\n<p>Hayli yo\u011fun bir program\u0131 olan\nmerkezde bu ay \u00e7ocuk tiyatrosu Alice, Devlet Modern Folk M\u00fczi\u011fi Toplulu\u011fu Konseri\nve Esaretin Bedeli adl\u0131 yeti\u015fkin tiyatrosu izlenebilecek belli ba\u015fl\u0131\netkinlikler.<\/p>\n\n\n\n<figure class=\"wp-block-image size-large\"><img loading=\"lazy\" width=\"1000\" height=\"282\" src=\"http:\/\/www.estonsehirkoru.com\/blog\/wp-content\/uploads\/2020\/02\/2521490.jpg\" alt=\"\" class=\"wp-image-647\" srcset=\"https:\/\/www.estonsehirkoru.com\/blog\/wp-content\/uploads\/2020\/02\/2521490.jpg 1000w, https:\/\/www.estonsehirkoru.com\/blog\/wp-content\/uploads\/2020\/02\/2521490-300x85.jpg 300w, https:\/\/www.estonsehirkoru.com\/blog\/wp-content\/uploads\/2020\/02\/2521490-768x217.jpg 768w\" sizes=\"(max-width: 1000px) 100vw, 1000px\" \/><\/figure>\n\n\n\n<h2>Ba\u015fak\u015fehir Emin Sara\u00e7 K\u00fclt\u00fcr Merkezi<\/h2>\n\n\n\n<p>Ba\u015fak\u015fehir Emin Sara\u00e7 K\u00fclt\u00fcr\nMerkezi(BES) 870 ve 350 ki\u015filik, donan\u0131ml\u0131 iki salonla b\u00f6lgeye yeni\nkazand\u0131r\u0131lan k\u00fclt\u00fcr merkezlerinden. Bu ay BES\u2019de Ne\u015fet Erta\u015f Anma Program\u0131 ve\nS\u00fct Karde\u015fler yeti\u015fkin tiyatrosu izlenebilir.<\/p>\n\n\n\n<h2>Bah\u00e7e\u015fehir Vaditepe Bilgievi<\/h2>\n\n\n\n<p>Bah\u00e7e\u015fehir \u2019in ilk bilgievinin\n\u00e7al\u0131\u015fmalar\u0131 da tamamlanmak \u00fczere. Merkez, \u00e7ocuklar, gen\u00e7ler ve kad\u0131nlar ba\u015fta\nolmak \u00fczere b\u00f6lge sakinlerinin e\u011fitim ve sosyal faaliyet ihtiya\u00e7lar\u0131na cevap\nvermeyi hedefliyor. Merkezde konferans salonu, anne-\u00e7ocuk kitapl\u0131\u011f\u0131, k\u00fct\u00fcphane,\nkitap kafe gibi pek \u00e7ok e\u011fitim ve aktivite merkezi yer al\u0131yor. <\/p>\n\n\n\n<h2>Kaya\u015fehir K\u00fclt\u00fcr ve Ya\u015fam Park\u0131<\/h2>\n\n\n\n<p>34 bin 500 metrekare geni\u015fli\u011finde\nbir alanda konumlanan Kaya\u015fehir K\u00fclt\u00fcr ve Ya\u015fam Park\u0131\u2019n\u0131n b\u00fcnyesinde bilgievi, konferans\nsalonu ve bilim m\u00fczesi ile deprem sim\u00fclasyon merkezi ve trafik e\u011fitim park\u0131\nvar. Bu b\u00f6lgede genellikle \u00e7ocuk tiyatrolar\u0131 g\u00f6sterime giriyor. K\u0131rm\u0131z\u0131 Bal\u0131k\nM\u00fczikali, Karag\u00f6z \u015eenlikte, Merakl\u0131 U\u011fur B\u00f6ce\u011fi gibi \u00e7ocuk tiyatrolar\u0131n\u0131\nizlemek m\u00fcmk\u00fcn. <\/p>\n\n\n\n<figure class=\"wp-block-image size-large\"><img loading=\"lazy\" width=\"1024\" height=\"683\" src=\"http:\/\/www.estonsehirkoru.com\/blog\/wp-content\/uploads\/2020\/02\/46517160_2260063290907776_220350591291883520_o-1024x683.jpg\" alt=\"\" class=\"wp-image-648\" srcset=\"https:\/\/www.estonsehirkoru.com\/blog\/wp-content\/uploads\/2020\/02\/46517160_2260063290907776_220350591291883520_o-1024x683.jpg 1024w, https:\/\/www.estonsehirkoru.com\/blog\/wp-content\/uploads\/2020\/02\/46517160_2260063290907776_220350591291883520_o-300x200.jpg 300w, https:\/\/www.estonsehirkoru.com\/blog\/wp-content\/uploads\/2020\/02\/46517160_2260063290907776_220350591291883520_o-768x512.jpg 768w, https:\/\/www.estonsehirkoru.com\/blog\/wp-content\/uploads\/2020\/02\/46517160_2260063290907776_220350591291883520_o.jpg 1080w\" sizes=\"(max-width: 1024px) 100vw, 1024px\" \/><\/figure>\n\n\n\n<h2>Kom\u015fularda da Hareket Var<\/h2>\n\n\n\n<p>Bah\u00e7e\u015fehir \u2018in yak\u0131n kom\u015fular\u0131\nBeylikd\u00fcz\u00fc ve Avc\u0131larda da k\u00fclt\u00fcr-sanat y\u00f6n\u00fcnden b\u00fcy\u00fck bir hareketlilik hakim.\n\u00d6zellikle Beylikd\u00fcz\u00fc Atat\u00fcrk K\u00fclt\u00fcr ve Sanat Merkezi, her ay de\u011ferli\nprod\u00fcksiyonlara ev sahipli\u011fi yap\u0131yor. K\u00fclt\u00fcr Merkezi bu ay, Westend ve Zengin\nMutfa\u011f\u0131 oyunlar\u0131n\u0131 a\u011f\u0131rlad\u0131. <\/p>\n\n\n\n<p>Avc\u0131lar Bar\u0131\u015f Man\u00e7o K\u00fclt\u00fcr\nMerkezi de b\u00f6lgenin kaliteli k\u00fclt\u00fcr merkezleri aras\u0131nda.<\/p>\n\n\n\n<h2>Biraz da E\u011flence: Hayal Kahvesi<\/h2>\n\n\n\n<p>Hayal Kahvesi\u2019nin a\u00e7\u0131lmas\u0131\nBah\u00e7e\u015fehir\u2019e ger\u00e7ekten renk katt\u0131. \u0130yi yemek iyi m\u00fczik slogan\u0131yla hareket eden\nHayal Kahvesi\u2019nde, ilk kuruldu\u011fu y\u0131l olan 1992\u2019den beri \u00e7ok \u00e7e\u015fitli sanat\u00e7\u0131lar\nsahne ald\u0131 ve \u00e7o\u011funun da tan\u0131nmas\u0131na bu kul\u00fcp vesile oldu. <\/p>\n\n\n\n<p>Efsane Hayal Kahvesi, \u015fehrin yeni\nmerkezi Bah\u00e7e\u015fehir\u2019de de bulunman\u0131n gereklili\u011fini fark etmi\u015f bir kurulu\u015f.\nKaliteli canl\u0131 m\u00fczik, leziz kokteyller ve enfes yemekler deyince ilk akla\ngelenlerden olan Hayal Kahvesi, Bah\u00e7e\u015fehir\u2019de de birbirinden renkli programlarla\nde\u011ferli sanat\u00e7\u0131lar\u0131 a\u011f\u0131rl\u0131yor. Emir Can \u0130\u011frek, Ceza, Yeni T\u00fcrk\u00fc, Manu\u015f Baba bu\nsanat\u00e7\u0131lardan birka\u00e7\u0131.<\/p>\n\n\n\n<p>Bah\u00e7e\u015fehir ve \u00e7evresi gerek\nG\u00f6let\u2019in etraf\u0131ndaki tesislerin artmas\u0131, gerekse hem b\u00f6lgede hem de \u00e7evre\nil\u00e7elerde k\u00fclt\u00fcr-sanat ve e\u011flence merkezlerinin a\u00e7\u0131lmas\u0131yla ya\u015fanmaya de\u011fer bir\nyer halini ald\u0131. Hem b\u00fcy\u00fck\u015fehir g\u00fcr\u00fclt\u00fc ve karma\u015fas\u0131ndan ka\u00e7mak, hem de \u015fehir\nhayat\u0131n\u0131 her \u015feyiyle doyas\u0131ya ya\u015famak Bah\u00e7e\u015fehir\u2019de m\u00fcmk\u00fcn.<\/p>\n","protected":false},"excerpt":{"rendered":"<p>BAH\u00c7E\u015eEH\u0130R\u2019DE YEN\u0130 MERKEZLER Sa\u011flam zemini ve kentsel d\u00f6n\u00fc\u015f\u00fcm\u00fcn yeni merkezi olmas\u0131yla dikkat \u00e7eken, \u015fehrin yeni merkezi Bah\u00e7e\u015fehir ve \u00e7evresinde sosyal ya\u015fam giderek renkleniyor. Bah\u00e7e\u015fehir, Beylikd\u00fcz\u00fc ve Avc\u0131lar Bar\u0131\u015f [&hellip;]<\/p>\n","protected":false},"author":1,"featured_media":649,"comment_status":"open","ping_status":"open","sticky":false,"template":"","format":"standard","meta":[],"categories":[6,1,2],"tags":[],"_links":{"self":[{"href":"https:\/\/www.estonsehirkoru.com\/blog\/wp-json\/wp\/v2\/posts\/645"}],"collection":[{"href":"https:\/\/www.estonsehirkoru.com\/blog\/wp-json\/wp\/v2\/posts"}],"about":[{"href":"https:\/\/www.estonsehirkoru.com\/blog\/wp-json\/wp\/v2\/types\/post"}],"author":[{"embeddable":true,"href":"https:\/\/www.estonsehirkoru.com\/blog\/wp-json\/wp\/v2\/users\/1"}],"replies":[{"embeddable":true,"href":"https:\/\/www.estonsehirkoru.com\/blog\/wp-json\/wp\/v2\/comments?post=645"}],"version-history":[{"count":1,"href":"https:\/\/www.estonsehirkoru.com\/blog\/wp-json\/wp\/v2\/posts\/645\/revisions"}],"predecessor-version":[{"id":650,"href":"https:\/\/www.estonsehirkoru.com\/blog\/wp-json\/wp\/v2\/posts\/645\/revisions\/650"}],"wp:featuredmedia":[{"embeddable":true,"href":"https:\/\/www.estonsehirkoru.com\/blog\/wp-json\/wp\/v2\/media\/649"}],"wp:attachment":[{"href":"https:\/\/www.estonsehirkoru.com\/blog\/wp-json\/wp\/v2\/media?parent=645"}],"wp:term":[{"taxonomy":"category","embeddable":true,"href":"https:\/\/www.estonsehirkoru.com\/blog\/wp-json\/wp\/v2\/categories?post=645"},{"taxonomy":"post_tag","embeddable":true,"href":"https:\/\/www.estonsehirkoru.com\/blog\/wp-json\/wp\/v2\/tags?post=645"}],"curies":[{"name":"wp","href":"https:\/\/api.w.org\/{rel}","templated":true}]}}