{"id":626,"date":"2020-01-01T19:24:20","date_gmt":"2020-01-01T16:24:20","guid":{"rendered":"http:\/\/www.estonsehirkoru.com\/blog\/?p=626"},"modified":"2020-01-01T19:24:20","modified_gmt":"2020-01-01T16:24:20","slug":"2020-ic-mekan-dekorasyon-trendleri","status":"publish","type":"post","link":"https:\/\/www.estonsehirkoru.com\/blog\/2020-ic-mekan-dekorasyon-trendleri\/","title":{"rendered":"2020 \u0130\u00e7 Mekan Dekorasyon Trendleri"},"content":{"rendered":"\n<p><strong>2020 i\u00e7 mekan dekorasyon trendleri<\/strong> yava\u015f yava\u015f belli olmaya ba\u015flad\u0131.\n\u0130\u015fte bunlardan baz\u0131lar\u0131:<\/p>\n\n\n\n<h2>Duvarlar N\u00f6tr Renklere Boyanacak<\/h2>\n\n\n\n<p>2020\u2019de duvarlar\u0131m\u0131zda n\u00f6tr renkler kullanaca\u011f\u0131z. N\u00f6tr renklerin\ns\u0131cak olanlar\u0131n\u0131 \u00f6zellikle tercih edece\u011fiz. Gri ve bejler de kullan\u0131mda \u00f6n\nplanda olacak. <\/p>\n\n\n\n<p>Ayr\u0131ca dekorasyonun her alan\u0131nda pembe ve tonlar\u0131 \u00f6n\nplanda olaca\u011f\u0131 i\u00e7in bu rengi duvarlarda da kullanabilece\u011fiz. Bebek mavisi ve\nnane ye\u015fili gibi renkler de reva\u00e7ta olacaklar.<\/p>\n\n\n\n<p><strong>2020 i\u00e7 mekan\ndekorasyon trendleri<\/strong>\nduvarlar\u0131 boyamak yerine duvar ka\u011f\u0131d\u0131 da kullanabilece\u011fimizi \u00f6ng\u00f6r\u00fcyor.\n\u00d6zellikle floral desenli duvar ka\u011f\u0131tlar\u0131 2020\u2019de \u00e7ok moda olacak.<\/p>\n\n\n\n<h2>Kadife Tekrar G\u00fcndeme Gelecek<\/h2>\n\n\n\n<div class=\"wp-block-image\"><figure class=\"alignright size-large\"><img loading=\"lazy\" width=\"314\" height=\"558\" src=\"http:\/\/www.estonsehirkoru.com\/blog\/wp-content\/uploads\/2020\/01\/2.png\" alt=\"\" class=\"wp-image-627\" srcset=\"https:\/\/www.estonsehirkoru.com\/blog\/wp-content\/uploads\/2020\/01\/2.png 314w, https:\/\/www.estonsehirkoru.com\/blog\/wp-content\/uploads\/2020\/01\/2-169x300.png 169w\" sizes=\"(max-width: 314px) 100vw, 314px\" \/><\/figure><\/div>\n\n\n\n<p>Mobilyalarda <em>kadifeye<\/em>, s\u00fcet ve deriye do\u011fru bir\ny\u00f6nelim olacak. \u00d6zellikle kadife, ba\u015flayacak olan senede her yerde kar\u015f\u0131m\u0131za\n\u00e7\u0131kacak gibi duruyor. Kanepe ve koltuk \u00fcreticileri, kahverengiye \u00e7alan koyu turuncu, pembe, mavi ve boz\nkahverengi tonlar\u0131nda kadife koltuklar\u0131 fazlas\u0131yla \u00f6n\u00fcm\u00fcze s\u00fcrecekler.<\/p>\n\n\n\n<p>S\u00fcet ve deri de <strong>2020 i\u00e7 mekan dekorasyon<\/strong> <strong>trendleri<\/strong>\naras\u0131nda. Mobilyalar\u0131m\u0131zda s\u00fcet ve deri ya da kadife ve deri kar\u0131\u015f\u0131mlar\u0131n\u0131\nkullanaca\u011f\u0131z.<\/p>\n\n\n\n<figure class=\"wp-block-image size-large\"><img loading=\"lazy\" width=\"750\" height=\"499\" src=\"http:\/\/www.estonsehirkoru.com\/blog\/wp-content\/uploads\/2020\/01\/3.png\" alt=\"\" class=\"wp-image-628\" srcset=\"https:\/\/www.estonsehirkoru.com\/blog\/wp-content\/uploads\/2020\/01\/3.png 750w, https:\/\/www.estonsehirkoru.com\/blog\/wp-content\/uploads\/2020\/01\/3-300x200.png 300w\" sizes=\"(max-width: 750px) 100vw, 750px\" \/><\/figure>\n\n\n\n<h2>Do\u011fall\u0131k Kazanacak<\/h2>\n\n\n\n<p>Ge\u00e7en senelerde ba\u015flayan do\u011fal hayata d\u00f6nme e\u011filimi devam\nedecek. Ye\u015fil duvar boyalar\u0131na ah\u015fap tablolar ve duvar s\u00fcsleri e\u015flik edecek.\nEvimizde bitkiler dekorasyonun \u00f6nemli bir par\u00e7as\u0131 haline gelecekler. Ve tabii\ndo\u011fal bitkiler tercih edilecek. Salon bitkileri ile ilgili yaz\u0131m\u0131zda sizlere\nsalonunuzda yeti\u015ftirebilece\u011finiz bitkiler ve onlar\u0131 yeti\u015ftirmenin p\u00fcf noktalar\u0131\nhakk\u0131nda bilgi veriyor olaca\u011f\u0131z.<\/p>\n\n\n\n<p><em>Biofillik <\/em>ak\u0131m\u0131 \u00f6nem kazanacak. D\u00fcnya do\u011fall\u0131\u011fa\ndo\u011fru gidiyor. \u00d6zellikle \u00e7evrenin kirlenmesiyle ilgili sorunlar mobilya t\u00fcketimi\nve dekorasyon alan\u0131nda da geri d\u00f6n\u00fc\u015f\u00fcm zihniyetinin geli\u015fmesine yol a\u00e7\u0131yor.\nBiofiller, geri d\u00f6n\u00fc\u015ft\u00fcr\u00fclm\u00fc\u015f ah\u015faptan mobilya, sandalye ve yer d\u00f6\u015femelerini\ntercih ediyorlar. Bunlar\u0131 yerel ve otantik e\u015fyalarla s\u00fcslemek de <strong>2020 i\u00e7 mekan dekorasyon trendleri<\/strong>\naras\u0131nda.<\/p>\n\n\n\n<figure class=\"wp-block-image size-large\"><img loading=\"lazy\" width=\"750\" height=\"499\" src=\"http:\/\/www.estonsehirkoru.com\/blog\/wp-content\/uploads\/2020\/01\/4.png\" alt=\"\" class=\"wp-image-629\" srcset=\"https:\/\/www.estonsehirkoru.com\/blog\/wp-content\/uploads\/2020\/01\/4.png 750w, https:\/\/www.estonsehirkoru.com\/blog\/wp-content\/uploads\/2020\/01\/4-300x200.png 300w\" sizes=\"(max-width: 750px) 100vw, 750px\" \/><\/figure>\n\n\n\n<h2>Kanopiler Geri Geliyor<\/h2>\n\n\n\n<p>2020 y\u0131l\u0131nda yatak odas\u0131 tak\u0131m\u0131 almay\u0131 d\u00fc\u015f\u00fcn\u00fcyorsan\u0131z,\nma\u011fazalarda <em>kanopi <\/em>ad\u0131 verilen\ncibinlikli yataklarla s\u0131k\u00e7a kar\u015f\u0131la\u015facaks\u0131n\u0131z. Zaten 2020 dekorasyon a\u00e7\u0131s\u0131ndan\nretro e\u011filimlerin de olduk\u00e7a reva\u00e7ta oldu\u011fu bir y\u0131l olacak. Kadife koltuklar da\nbunun en g\u00fczel \u00f6rne\u011fi de\u011fil mi?<\/p>\n\n\n\n<h2>Feminen Tonlar A\u011f\u0131rl\u0131k Kazanacak<\/h2>\n\n\n\n<p>Her t\u00fcrl\u00fc d\u00f6\u015feme, nevresim, koltuk tak\u0131mlar\u0131 ve yatak\n\u00f6rt\u00fclerinde feminen tonlar, \u00f6zellikle pembeler hakim olacak.<\/p>\n\n\n\n<h2>Gold Tutkusu<\/h2>\n\n\n\n<div class=\"wp-block-image\"><figure class=\"alignright size-large\"><img loading=\"lazy\" width=\"368\" height=\"604\" src=\"http:\/\/www.estonsehirkoru.com\/blog\/wp-content\/uploads\/2020\/01\/5.png\" alt=\"\" class=\"wp-image-630\" srcset=\"https:\/\/www.estonsehirkoru.com\/blog\/wp-content\/uploads\/2020\/01\/5.png 368w, https:\/\/www.estonsehirkoru.com\/blog\/wp-content\/uploads\/2020\/01\/5-183x300.png 183w\" sizes=\"(max-width: 368px) 100vw, 368px\" \/><\/figure><\/div>\n\n\n\n<p>Her ne kadar <strong>2020 i\u00e7 mekan dekorasyon trendleri<\/strong> i\u00e7inde\ndo\u011fall\u0131k hakimse de baz\u0131 detaylarda gold ve di\u011fer metallerin etkisini\nfazlas\u0131yla g\u00f6rece\u011fiz. Kap\u0131 ve pencerelerle ilgili detaylar, duvar s\u00fcslemeleri eskitilmi\u015f ya da parlak gold ve\nbak\u0131r renklerden olu\u015facak. Ayr\u0131ca metalin etkisini de hissedece\u011fiz. Banyo,\nmutfak ve evin genel dekorasyonunda metal \u00fcr\u00fcnler de kullan\u0131lacak.<\/p>\n\n\n\n<h2>Siyah Yine \u00d6nemli<\/h2>\n\n\n\n<p>2020 y\u0131l\u0131 siyah\u0131n da etkili olaca\u011f\u0131 bir y\u0131l olarak\n\u00f6ng\u00f6r\u00fcl\u00fcyor. Masa ve sandalyelerle, deri koltuklarda siyah etkisini\nhissedebilece\u011fiz.<\/p>\n\n\n\n<figure class=\"wp-block-image size-large\"><img loading=\"lazy\" width=\"750\" height=\"375\" src=\"http:\/\/www.estonsehirkoru.com\/blog\/wp-content\/uploads\/2020\/01\/6.png\" alt=\"\" class=\"wp-image-631\" srcset=\"https:\/\/www.estonsehirkoru.com\/blog\/wp-content\/uploads\/2020\/01\/6.png 750w, https:\/\/www.estonsehirkoru.com\/blog\/wp-content\/uploads\/2020\/01\/6-300x150.png 300w\" sizes=\"(max-width: 750px) 100vw, 750px\" \/><\/figure>\n\n\n\n<h2>Mutfaklar ve Banyolar<\/h2>\n\n\n\n<p>Mutfaklarda a\u00e7\u0131k dolaplar ve bunlar\u0131n arkas\u0131na d\u00f6\u015fenecek\ngeometrik desenli karolar \u00e7ok \u00f6nemli olacak. Geometrik \u015fekilli karolar, ve\n\u00f6zellikle yerel dekorlu olanlar <strong>2020 i\u00e7\nmekan dekorasyon trendleri<\/strong> aras\u0131nda. <\/p>\n\n\n\n<p>Banyolarda siyah-beyaz mermer etkisini g\u00f6rece\u011fiz. Geometrik\ndesenler ve metaller burada da kar\u015f\u0131m\u0131za \u00e7\u0131kabilirler.<\/p>\n\n\n\n<p><strong>2020 i\u00e7 mekan\ndekorasyon trendleri<\/strong>\ntemel olarak Retro, do\u011fall\u0131k, kadife, siyah-beyaz, feminen, geometrik ve n\u00f6tr\nkavramlar\u0131 etraf\u0131nda d\u00f6n\u00fcyor. Dekorat\u00f6rlere g\u00f6re, bu \u00f6nerilerin hepsini bir\nanda yapman\u0131za gerek yok. \u0130\u00e7lerinde size hitap eden birka\u00e7 tanesini se\u00e7erek\nstilinizi olu\u015fturabilir ya da mevcut dekorasyonunuza <strong>2020 i\u00e7 mekan dekorasyon trendleri<\/strong> ile uyumlu bir dokunu\u015f\nyapabilirsiniz.<\/p>\n\n\n\n<p>Evinizden her zaman bol keyif alman\u0131z dileklerimizle\u2026<\/p>\n","protected":false},"excerpt":{"rendered":"<p>2020 i\u00e7 mekan dekorasyon trendleri yava\u015f yava\u015f belli olmaya ba\u015flad\u0131. \u0130\u015fte bunlardan baz\u0131lar\u0131: Duvarlar N\u00f6tr Renklere Boyanacak 2020\u2019de duvarlar\u0131m\u0131zda n\u00f6tr renkler kullanaca\u011f\u0131z. N\u00f6tr renklerin s\u0131cak olanlar\u0131n\u0131 \u00f6zellikle tercih [&hellip;]<\/p>\n","protected":false},"author":1,"featured_media":632,"comment_status":"open","ping_status":"open","sticky":false,"template":"","format":"standard","meta":[],"categories":[4],"tags":[],"_links":{"self":[{"href":"https:\/\/www.estonsehirkoru.com\/blog\/wp-json\/wp\/v2\/posts\/626"}],"collection":[{"href":"https:\/\/www.estonsehirkoru.com\/blog\/wp-json\/wp\/v2\/posts"}],"about":[{"href":"https:\/\/www.estonsehirkoru.com\/blog\/wp-json\/wp\/v2\/types\/post"}],"author":[{"embeddable":true,"href":"https:\/\/www.estonsehirkoru.com\/blog\/wp-json\/wp\/v2\/users\/1"}],"replies":[{"embeddable":true,"href":"https:\/\/www.estonsehirkoru.com\/blog\/wp-json\/wp\/v2\/comments?post=626"}],"version-history":[{"count":1,"href":"https:\/\/www.estonsehirkoru.com\/blog\/wp-json\/wp\/v2\/posts\/626\/revisions"}],"predecessor-version":[{"id":633,"href":"https:\/\/www.estonsehirkoru.com\/blog\/wp-json\/wp\/v2\/posts\/626\/revisions\/633"}],"wp:featuredmedia":[{"embeddable":true,"href":"https:\/\/www.estonsehirkoru.com\/blog\/wp-json\/wp\/v2\/media\/632"}],"wp:attachment":[{"href":"https:\/\/www.estonsehirkoru.com\/blog\/wp-json\/wp\/v2\/media?parent=626"}],"wp:term":[{"taxonomy":"category","embeddable":true,"href":"https:\/\/www.estonsehirkoru.com\/blog\/wp-json\/wp\/v2\/categories?post=626"},{"taxonomy":"post_tag","embeddable":true,"href":"https:\/\/www.estonsehirkoru.com\/blog\/wp-json\/wp\/v2\/tags?post=626"}],"curies":[{"name":"wp","href":"https:\/\/api.w.org\/{rel}","templated":true}]}}