{"id":607,"date":"2019-12-11T17:09:33","date_gmt":"2019-12-11T14:09:33","guid":{"rendered":"http:\/\/www.estonsehirkoru.com\/blog\/?p=607"},"modified":"2019-12-11T17:09:34","modified_gmt":"2019-12-11T14:09:34","slug":"kis-bahcesi-icin-dekorasyon-onerileri","status":"publish","type":"post","link":"https:\/\/www.estonsehirkoru.com\/blog\/kis-bahcesi-icin-dekorasyon-onerileri\/","title":{"rendered":"K\u0131\u015f Bah\u00e7esi \u0130\u00e7in Dekorasyon \u00d6nerileri"},"content":{"rendered":"\n<p><strong>K\u0131\u015f bah\u00e7esi<\/strong>, herkesin sahip olmak isteyece\u011fi ve\nk\u0131\u015f\u0131 g\u00fczel ge\u00e7irmenize yarayan bir aland\u0131r. \u0130ster b\u00fcy\u00fck ister k\u00fc\u00e7\u00fck olsunlar,\nevinizdeki balkon ve teraslar\u0131n \u00fczerini \u00e7at\u0131 ve pencere sistemleriyle\nkapatarak, bir <strong>k\u0131\u015f bah\u00e7esi<\/strong>\nolu\u015fturman\u0131z m\u00fcmk\u00fcn. Yeni \u0131s\u0131 yal\u0131t\u0131ml\u0131 sistemlerin de yard\u0131m\u0131yla, k\u00fc\u00e7\u00fck bir\n\u0131s\u0131tma \u00fcnitesi de koyarak bu mekanlar\u0131 k\u0131\u015f\u0131n da de\u011ferlendirebilirsiniz. Size <strong>k\u0131\u015f bah\u00e7esi<\/strong> i\u00e7in birka\u00e7 yerle\u015fim\n\u00f6nerisi vererek ba\u015flayal\u0131m:<\/p>\n\n\n\n<h2>Yerle\u015fim Planlar\u0131<\/h2>\n\n\n\n<p>K\u0131\u015f bah\u00e7elerinizi en iyi \u015fekilde de\u011ferlendirmek i\u00e7in \u015fu <em>yerle\u015fim planlar\u0131n\u0131<\/em> kullanabilirsiniz:<\/p>\n\n\n\n<h3>Dikd\u00f6rtgen ve K\u00fc\u00e7\u00fck Balkonlarda<\/h3>\n\n\n\n<figure class=\"wp-block-image size-large\"><img loading=\"lazy\" width=\"943\" height=\"393\" src=\"http:\/\/www.estonsehirkoru.com\/blog\/wp-content\/uploads\/2019\/12\/1.png\" alt=\"\" class=\"wp-image-608\" srcset=\"https:\/\/www.estonsehirkoru.com\/blog\/wp-content\/uploads\/2019\/12\/1.png 943w, https:\/\/www.estonsehirkoru.com\/blog\/wp-content\/uploads\/2019\/12\/1-300x125.png 300w, https:\/\/www.estonsehirkoru.com\/blog\/wp-content\/uploads\/2019\/12\/1-768x320.png 768w\" sizes=\"(max-width: 943px) 100vw, 943px\" \/><\/figure>\n\n\n\n<p>Bu t\u00fcr balkonlarda bir uca tek bir k\u00fc\u00e7\u00fck koltuk ve di\u011fer uca\nda ba\u015fka bir koltuk koyabilirsiniz. Ortan\u0131n bo\u015f kalmas\u0131 k\u00fc\u00e7\u00fck olan balkona\nferah bir hava katacakt\u0131r. Koltuklar\u0131 kar\u015f\u0131l\u0131kl\u0131 ayn\u0131 k\u00f6\u015feye koyman\u0131z pek iyi\ng\u00f6r\u00fcnmeyecektir. Hatta sadece tek bir k\u00f6\u015feye tek bir koltuk koyup kar\u015f\u0131s\u0131na bir\nminder ya da daha \u00f6nceki yaz\u0131lar\u0131m\u0131zda yap\u0131m\u0131n\u0131 g\u00f6sterdi\u011fimiz pufu koyman\u0131z da\n\u00e7ok g\u00fczel bir g\u00f6r\u00fcnt\u00fc yaratacakt\u0131r. Ya da bir k\u00f6\u015feye sadece tekli koltuk koyup\nbalkonun di\u011fer ucundaki k\u00f6\u015feyi bitkilerle de doldurabilirsiniz. B\u00f6ylece k\u00fc\u00e7\u00fck\nve sevimli bir <strong>k\u0131\u015f bah\u00e7esi<\/strong> olu\u015fur.<\/p>\n\n\n\n<h3>Dikd\u00f6rtgen ve Orta Boy Teraslarda<\/h3>\n\n\n\n<figure class=\"wp-block-image size-large\"><img loading=\"lazy\" width=\"943\" height=\"393\" src=\"http:\/\/www.estonsehirkoru.com\/blog\/wp-content\/uploads\/2019\/12\/2.png\" alt=\"\" class=\"wp-image-609\" srcset=\"https:\/\/www.estonsehirkoru.com\/blog\/wp-content\/uploads\/2019\/12\/2.png 943w, https:\/\/www.estonsehirkoru.com\/blog\/wp-content\/uploads\/2019\/12\/2-300x125.png 300w, https:\/\/www.estonsehirkoru.com\/blog\/wp-content\/uploads\/2019\/12\/2-768x320.png 768w\" sizes=\"(max-width: 943px) 100vw, 943px\" \/><\/figure>\n\n\n\n<p><em>Dikd\u00f6rtgen balkonlarda<\/em> k\u00f6\u015feler ikili bir koltuk koyacak\nkadar b\u00fcy\u00fckt\u00fcr. Siz de tek bir k\u00f6\u015feye bir ikili koltuk kar\u015f\u0131 k\u00f6\u015fesine ise bir\nmasa koyabilirsiniz. B\u00f6ylece <strong>k\u0131\u015f\nbah\u00e7esi,<\/strong> yemek sohbetlerine de mekan olu\u015fturur.<\/p>\n\n\n\n<figure class=\"wp-block-image size-large\"><img loading=\"lazy\" width=\"943\" height=\"393\" src=\"http:\/\/www.estonsehirkoru.com\/blog\/wp-content\/uploads\/2019\/12\/3.png\" alt=\"\" class=\"wp-image-610\" srcset=\"https:\/\/www.estonsehirkoru.com\/blog\/wp-content\/uploads\/2019\/12\/3.png 943w, https:\/\/www.estonsehirkoru.com\/blog\/wp-content\/uploads\/2019\/12\/3-300x125.png 300w, https:\/\/www.estonsehirkoru.com\/blog\/wp-content\/uploads\/2019\/12\/3-768x320.png 768w\" sizes=\"(max-width: 943px) 100vw, 943px\" \/><\/figure>\n\n\n\n<p>Ya da bir k\u00f6\u015feye ikili koltuk ya da sal\u0131ncak, di\u011fer k\u00f6\u015feye iki\ntane tekli koltuk koyarak k\u0131\u015f bah\u00e7enizi tamamen bir oturma mekan\u0131 olarak da\nd\u00fczenleyebilirsiniz.<\/p>\n\n\n\n<h3>Dikd\u00f6rtgen ve B\u00fcy\u00fck Teraslarda<\/h3>\n\n\n\n<figure class=\"wp-block-image size-large\"><img loading=\"lazy\" width=\"943\" height=\"393\" src=\"http:\/\/www.estonsehirkoru.com\/blog\/wp-content\/uploads\/2019\/12\/4.png\" alt=\"\" class=\"wp-image-611\" srcset=\"https:\/\/www.estonsehirkoru.com\/blog\/wp-content\/uploads\/2019\/12\/4.png 943w, https:\/\/www.estonsehirkoru.com\/blog\/wp-content\/uploads\/2019\/12\/4-300x125.png 300w, https:\/\/www.estonsehirkoru.com\/blog\/wp-content\/uploads\/2019\/12\/4-768x320.png 768w\" sizes=\"(max-width: 943px) 100vw, 943px\" \/><\/figure>\n\n\n\n<p>B\u00f6yle bir teras\u0131n\u0131z varsa b\u00fcy\u00fck bir \u00f6zg\u00fcrl\u00fck alan\u0131n\u0131z var\ndemektir. \u0130stedi\u011finiz gibi bir <strong>k\u0131\u015f\nbah\u00e7esi<\/strong> olu\u015fturman\u0131z m\u00fcmk\u00fcn. Yukar\u0131daki \u015fekil size bir fikir verebilir.\nGeni\u015f bir k\u00f6\u015fe koltuk tak\u0131m\u0131, bir tekli koltuk ve iki adet pufu bir k\u00f6\u015fede, bir\nmasay\u0131 da di\u011fer k\u00f6\u015fede kullanarak adeta salon gibi geni\u015f ve \u00e7ok ama\u00e7l\u0131\nkullan\u0131m\u0131 olan bir <strong>k\u0131\u015f bah\u00e7esi<\/strong>\nolu\u015fturabilirsiniz.<\/p>\n\n\n\n<h3>Kare ve K\u00fc\u00e7\u00fck Balkonlarda<\/h3>\n\n\n\n<figure class=\"wp-block-image size-large\"><img loading=\"lazy\" width=\"943\" height=\"393\" src=\"http:\/\/www.estonsehirkoru.com\/blog\/wp-content\/uploads\/2019\/12\/5.png\" alt=\"\" class=\"wp-image-612\" srcset=\"https:\/\/www.estonsehirkoru.com\/blog\/wp-content\/uploads\/2019\/12\/5.png 943w, https:\/\/www.estonsehirkoru.com\/blog\/wp-content\/uploads\/2019\/12\/5-300x125.png 300w, https:\/\/www.estonsehirkoru.com\/blog\/wp-content\/uploads\/2019\/12\/5-768x320.png 768w\" sizes=\"(max-width: 943px) 100vw, 943px\" \/><\/figure>\n\n\n\n<p>Ne kadar k\u00fc\u00e7\u00fck bile olsa <em>kare\nbalkonlar<\/em> \u00e7ok kullan\u0131\u015fl\u0131d\u0131rlar. Bu y\u00fczden onlara en az d\u00f6rt ki\u015filik bir\nmasa s\u0131\u011fd\u0131rarak keyifli bir mekan yaratabilirsiniz.<\/p>\n\n\n\n<h3>Kare ve Orta B\u00fcy\u00fckl\u00fckte Teraslar<\/h3>\n\n\n\n<figure class=\"wp-block-image size-large\"><img loading=\"lazy\" width=\"943\" height=\"393\" src=\"http:\/\/www.estonsehirkoru.com\/blog\/wp-content\/uploads\/2019\/12\/6.png\" alt=\"\" class=\"wp-image-613\" srcset=\"https:\/\/www.estonsehirkoru.com\/blog\/wp-content\/uploads\/2019\/12\/6.png 943w, https:\/\/www.estonsehirkoru.com\/blog\/wp-content\/uploads\/2019\/12\/6-300x125.png 300w, https:\/\/www.estonsehirkoru.com\/blog\/wp-content\/uploads\/2019\/12\/6-768x320.png 768w\" sizes=\"(max-width: 943px) 100vw, 943px\" \/><\/figure>\n\n\n\n<p>Ya da ille oturma mekan\u0131 olarak d\u00fc\u015f\u00fcn\u00fcyorsan\u0131z ve teras\u0131n\u0131z\nb\u00fcy\u00fccekse, bir k\u00f6\u015feye b\u00fcy\u00fccek bir koltuk, kar\u015f\u0131 k\u00f6\u015feye iki adet k\u00fc\u00e7\u00fck koltuk\nkoyman\u0131z da m\u00fcmk\u00fcnd\u00fcr.<\/p>\n\n\n\n<h3>Alt\u0131gen Teraslarda<\/h3>\n\n\n\n<figure class=\"wp-block-image size-large\"><img loading=\"lazy\" width=\"943\" height=\"393\" src=\"http:\/\/www.estonsehirkoru.com\/blog\/wp-content\/uploads\/2019\/12\/7.png\" alt=\"\" class=\"wp-image-614\" srcset=\"https:\/\/www.estonsehirkoru.com\/blog\/wp-content\/uploads\/2019\/12\/7.png 943w, https:\/\/www.estonsehirkoru.com\/blog\/wp-content\/uploads\/2019\/12\/7-300x125.png 300w, https:\/\/www.estonsehirkoru.com\/blog\/wp-content\/uploads\/2019\/12\/7-768x320.png 768w\" sizes=\"(max-width: 943px) 100vw, 943px\" \/><\/figure>\n\n\n\n<p>Bu \u00e7ok \u015f\u0131k <em>alt\u0131gen<\/em> <em>k\u0131\u015f bah\u00e7elerinde<\/em> her bir k\u00f6\u015feye tek\nkoltuklar koymak ve sadece bir k\u00f6\u015feye orta boy bir masa ili\u015ftirmek ho\u015f bir\ng\u00f6r\u00fcnt\u00fc yaratmaktad\u0131r. Tabii koltuklar\u0131 a\u015f\u0131r\u0131 bir simetri i\u00e7inde koyman\u0131z\ngerekmez. <\/p>\n\n\n\n<figure class=\"wp-block-image size-large\"><img loading=\"lazy\" width=\"943\" height=\"393\" src=\"http:\/\/www.estonsehirkoru.com\/blog\/wp-content\/uploads\/2019\/12\/8.png\" alt=\"\" class=\"wp-image-615\" srcset=\"https:\/\/www.estonsehirkoru.com\/blog\/wp-content\/uploads\/2019\/12\/8.png 943w, https:\/\/www.estonsehirkoru.com\/blog\/wp-content\/uploads\/2019\/12\/8-300x125.png 300w, https:\/\/www.estonsehirkoru.com\/blog\/wp-content\/uploads\/2019\/12\/8-768x320.png 768w\" sizes=\"(max-width: 943px) 100vw, 943px\" \/><\/figure>\n\n\n\n<p>Bunun yerine tam ortaya kocaman bir masa koyup, \u00e7e\u015fitli\nk\u00f6\u015felere tek koltuklar yerle\u015ftirmek de alt\u0131gen <strong>k\u0131\u015f bah\u00e7esi<\/strong> i\u00e7in \u00e7ok iyi\nbir fikirdir.<\/p>\n","protected":false},"excerpt":{"rendered":"<p>K\u0131\u015f bah\u00e7esi, herkesin sahip olmak isteyece\u011fi ve k\u0131\u015f\u0131 g\u00fczel ge\u00e7irmenize yarayan bir aland\u0131r. \u0130ster b\u00fcy\u00fck ister k\u00fc\u00e7\u00fck olsunlar, evinizdeki balkon ve teraslar\u0131n \u00fczerini \u00e7at\u0131 ve pencere sistemleriyle kapatarak, [&hellip;]<\/p>\n","protected":false},"author":1,"featured_media":616,"comment_status":"open","ping_status":"open","sticky":false,"template":"","format":"standard","meta":[],"categories":[13,4],"tags":[],"_links":{"self":[{"href":"https:\/\/www.estonsehirkoru.com\/blog\/wp-json\/wp\/v2\/posts\/607"}],"collection":[{"href":"https:\/\/www.estonsehirkoru.com\/blog\/wp-json\/wp\/v2\/posts"}],"about":[{"href":"https:\/\/www.estonsehirkoru.com\/blog\/wp-json\/wp\/v2\/types\/post"}],"author":[{"embeddable":true,"href":"https:\/\/www.estonsehirkoru.com\/blog\/wp-json\/wp\/v2\/users\/1"}],"replies":[{"embeddable":true,"href":"https:\/\/www.estonsehirkoru.com\/blog\/wp-json\/wp\/v2\/comments?post=607"}],"version-history":[{"count":1,"href":"https:\/\/www.estonsehirkoru.com\/blog\/wp-json\/wp\/v2\/posts\/607\/revisions"}],"predecessor-version":[{"id":617,"href":"https:\/\/www.estonsehirkoru.com\/blog\/wp-json\/wp\/v2\/posts\/607\/revisions\/617"}],"wp:featuredmedia":[{"embeddable":true,"href":"https:\/\/www.estonsehirkoru.com\/blog\/wp-json\/wp\/v2\/media\/616"}],"wp:attachment":[{"href":"https:\/\/www.estonsehirkoru.com\/blog\/wp-json\/wp\/v2\/media?parent=607"}],"wp:term":[{"taxonomy":"category","embeddable":true,"href":"https:\/\/www.estonsehirkoru.com\/blog\/wp-json\/wp\/v2\/categories?post=607"},{"taxonomy":"post_tag","embeddable":true,"href":"https:\/\/www.estonsehirkoru.com\/blog\/wp-json\/wp\/v2\/tags?post=607"}],"curies":[{"name":"wp","href":"https:\/\/api.w.org\/{rel}","templated":true}]}}