{"id":600,"date":"2019-09-23T13:23:57","date_gmt":"2019-09-23T10:23:57","guid":{"rendered":"http:\/\/www.estonsehirkoru.com\/blog\/?p=600"},"modified":"2019-11-27T13:26:31","modified_gmt":"2019-11-27T10:26:31","slug":"palet-ile-dekorasyon-fikirleri","status":"publish","type":"post","link":"https:\/\/www.estonsehirkoru.com\/blog\/palet-ile-dekorasyon-fikirleri\/","title":{"rendered":"Palet ile Dekorasyon Fikirleri"},"content":{"rendered":"\n<p><strong><em>Palet<\/em><\/strong> ile evinize dekoratif mobilyalar yapabilece\u011finiz hi\u00e7\nakl\u0131n\u0131za gelmi\u015f miydi? Bunun i\u00e7in hi\u00e7 de fazla \u00e7abalaman\u0131za gerek yok. \u0130n\u015faat\npaletleri zaten dekorasyona uygun bir yap\u0131ya sahipler. En fazla bir iki matkap\nve vidalama i\u015flemiyle harika mobilyalar \u00fcretebilirsiniz. <\/p>\n\n\n\n<h2>\u015e\u0131kl\u0131k \u0130\u00e7in \u00d6n Haz\u0131rl\u0131k<\/h2>\n\n\n\n<p>Tabii ki bu mobilyalar\u0131n dekoratif olabilmesi i\u00e7in \u00f6ncelikle\npaletleri iyice temizlemeli ve boyamal\u0131s\u0131n\u0131z. Daha sonra vernik yapman\u0131z da\ndaha g\u00fczel bir g\u00f6r\u00fcnt\u00fc ortaya \u00e7\u0131karacakt\u0131r. Ah\u015fab\u0131n do\u011fal rengini seviyorsan\u0131z,\ntemizleme i\u015fleminden hemen sonra <strong><em>palet<\/em><\/strong> \u00fczerine &nbsp;vernik i\u015flemi yapabilirsiniz. \u00d6zellikle masa\nve sehpalar\u0131 de\u011fi\u015fik renklerde boyayabilir, eskitme yapabilir ya da desenler ve\ndekupaj ile s\u00fcsleyebilirsiniz.<\/p>\n\n\n\n<h2>\u0130n\u015faat Paleti ile Neler Yap\u0131labilir?<\/h2>\n\n\n\n<p><strong><em>Palet <\/em><\/strong>ile orta sehpa, masa, dolap, raf, komodin, koltuk \u00fcnitesi\nhatta bah\u00e7e mobilyalar\u0131 yapabilirsiniz. Bunlardan birka\u00e7\u0131n\u0131 sizin i\u00e7in\nanlataca\u011f\u0131z.<\/p>\n\n\n\n<figure class=\"wp-block-image\"><img loading=\"lazy\" width=\"675\" height=\"445\" src=\"http:\/\/www.estonsehirkoru.com\/blog\/wp-content\/uploads\/2019\/11\/palet-ile-dekorasyon-fikirleri-2.png\" alt=\"\" class=\"wp-image-601\" srcset=\"https:\/\/www.estonsehirkoru.com\/blog\/wp-content\/uploads\/2019\/11\/palet-ile-dekorasyon-fikirleri-2.png 675w, https:\/\/www.estonsehirkoru.com\/blog\/wp-content\/uploads\/2019\/11\/palet-ile-dekorasyon-fikirleri-2-300x198.png 300w\" sizes=\"(max-width: 675px) 100vw, 675px\" \/><\/figure>\n\n\n\n<h3>\u015e\u0131k Bir Orta Sehpa<\/h3>\n\n\n\n<p>\u0130n\u015faat paletlerinin iki tanesini \u00fcst \u00fcste koyarak bir orta\nsehpa yapabilirsiniz. H\u0131rdavat\u00e7\u0131larda sat\u0131lan tekerlekli ayaklardan al\u0131p bu\nikilinin alt k\u0131sm\u0131na monte ederseniz <strong><em>palet <\/em><\/strong>ile yap\u0131lm\u0131\u015f\nhareketli bir orta sehpan\u0131z olur.&nbsp;\nPaletlerin biri ters, biri d\u00fcz olmal\u0131. Birinin d\u00fcz k\u0131sm\u0131 alta, di\u011ferinin\nd\u00fcz k\u0131sm\u0131 ise \u00fcste gelmeli. Daha sa\u011flam olmas\u0131 i\u00e7in birle\u015fme yerlerine matkap\nile delik a\u00e7\u0131p vidalama i\u015flemi yapmal\u0131s\u0131n\u0131z.<\/p>\n\n\n\n<figure class=\"wp-block-image\"><img loading=\"lazy\" width=\"750\" height=\"499\" src=\"http:\/\/www.estonsehirkoru.com\/blog\/wp-content\/uploads\/2019\/11\/palet-ile-dekorasyon-fikirleri-3.png\" alt=\"\" class=\"wp-image-602\" srcset=\"https:\/\/www.estonsehirkoru.com\/blog\/wp-content\/uploads\/2019\/11\/palet-ile-dekorasyon-fikirleri-3.png 750w, https:\/\/www.estonsehirkoru.com\/blog\/wp-content\/uploads\/2019\/11\/palet-ile-dekorasyon-fikirleri-3-300x200.png 300w\" sizes=\"(max-width: 750px) 100vw, 750px\" \/><\/figure>\n\n\n\n<h3>Yatak \u00dcnitesi<\/h3>\n\n\n\n<p>Orta sehpa mant\u0131\u011f\u0131yla yap\u0131lm\u0131\u015f d\u00f6rt \u00fcniteyi yanyana\nkoyarsan\u0131z baza gibi bir yatak altl\u0131\u011f\u0131 olu\u015fturmu\u015f olursunuz. \u0130ki tane paleti\n\u00e7\u0131k\u0131nt\u0131l\u0131 k\u0131s\u0131mlar\u0131 duvara dayanacak \u015fekilde yatak ba\u015f\u0131 yapabilirsiniz. Bu\n\u015fekilde olu\u015fturdu\u011funuz zemine bir yatak koyarsan\u0131z \u00e7ok basit bir y\u00f6ntemle \u015f\u0131k\nbir yatak odas\u0131 tak\u0131m\u0131 elde etmi\u015f olursunuz.<\/p>\n\n\n\n<figure class=\"wp-block-image\"><img loading=\"lazy\" width=\"750\" height=\"499\" src=\"http:\/\/www.estonsehirkoru.com\/blog\/wp-content\/uploads\/2019\/11\/palet-ile-dekorasyon-fikirleri-4.png\" alt=\"\" class=\"wp-image-603\" srcset=\"https:\/\/www.estonsehirkoru.com\/blog\/wp-content\/uploads\/2019\/11\/palet-ile-dekorasyon-fikirleri-4.png 750w, https:\/\/www.estonsehirkoru.com\/blog\/wp-content\/uploads\/2019\/11\/palet-ile-dekorasyon-fikirleri-4-300x200.png 300w\" sizes=\"(max-width: 750px) 100vw, 750px\" \/><\/figure>\n\n\n\n<h3>Koltuk \u00dcnitesi<\/h3>\n\n\n\n<p><strong><em>Palet<\/em><\/strong> ile koltuk yapmak \u00f6zellikle bah\u00e7eleriniz i\u00e7in m\u00fckemmel bir\nfikir. Ayn\u0131 yatak altl\u0131\u011f\u0131 olu\u015fturur gibi haz\u0131rlad\u0131\u011f\u0131n\u0131z \u00fcnitelerin \u00fczerine\nminder koltuk tak\u0131mlar\u0131n\u0131z\u0131 koyarsan\u0131z daha haval\u0131 bir g\u00f6r\u00fcn\u00fcm elde edersiniz. \u0130sterseniz\nbu \u00fcnitelerin i\u00e7ine led lambalar yerle\u015ftirerek bah\u00e7e koltuklar\u0131n\u0131z\u0131 alttan\n\u0131\u015f\u0131kland\u0131rabilirsiniz.<\/p>\n\n\n\n<p>Hatta s\u0131f\u0131rdan koltuk bile yapabilirsiniz. Bunun i\u00e7in, \u00f6nce\nbir paleti d\u00fcz k\u0131sm\u0131 \u00fcste gelecek \u015fekilde yere koyun. Sonra di\u011fer bir paletin\n\u00e7\u0131k\u0131nt\u0131l\u0131 alt k\u0131sm\u0131n\u0131, \u00f6zellikle \u00e7\u0131k\u0131nt\u0131l\u0131 yeri kaybolacak \u015fekilde kesin.\nKesti\u011finiz paleti yerdeki paletin en arkada kalan iki \u00e7\u0131ta aras\u0131ndaki bo\u015f\nk\u0131sm\u0131na yatay olarak yerle\u015ftirin. Buras\u0131 koltu\u011funuzun s\u0131rt\u0131n\u0131z\u0131 dayad\u0131\u011f\u0131n\u0131z\nk\u0131sm\u0131 olacak. Bu \u015fekilde \u00fcretti\u011finiz koltu\u011fun ah\u015fap <strong><em>palet <\/em><\/strong>iskeletinin \u00fczerine\nminder koyarak rahat bir koltuk elde etmi\u015f olacaks\u0131n\u0131z.<\/p>\n\n\n\n<h3>Masa<\/h3>\n\n\n\n<p>Masa \u00fcretmek i\u00e7in tek bir <strong><em>palet <\/em><\/strong>yeterli.\nYapman\u0131z gereken ise paletin d\u00fcz k\u0131sm\u0131 \u00fcste gelecek \u015fekilde, ayak olmak \u00fczere,\nkenarlar\u0131na 4 adet k\u00fct\u00fck \u00e7akmak.<\/p>\n\n\n\n<h3>Mutfak Raf\u0131<\/h3>\n\n\n\n<p><strong><em>Palet,<\/em><\/strong> yanlamas\u0131na, ya da k\u00fc\u00e7\u00fck bir raf istiyorsan\u0131z ortadan\nkeserek diklemesine duvara monte edilebilir. Daha sonra en alt k\u0131sm\u0131na\nask\u0131l\u0131klar \u00e7akabilir, bu \u015fekilde ufak tefek e\u015fyalar koyabilece\u011finiz bir mutfak\nraf\u0131 olu\u015fturabilirsiniz. Bu rafa birka\u00e7 sunta \u00e7akarak ara raflar yapabilir,\nbunlara \u015farap \u015fi\u015fesi koyabilirsiniz.<\/p>\n\n\n\n<h3>Bah\u00e7e Sal\u0131nca\u011f\u0131<\/h3>\n\n\n\n<p>Tek bir paleti hamak ya da sal\u0131ncak olarak kullanmak \u00fczere\nkenarlar\u0131ndan bir a\u011fac\u0131n dallar\u0131na kal\u0131n halatla ba\u011flayabilirsiniz.<\/p>\n\n\n\n<h3>Ayakkab\u0131l\u0131k<\/h3>\n\n\n\n<p>\u0130ki paleti ikisinin de d\u00fcz olmayan k\u0131s\u0131mlar\u0131 arka arkaya\ngelecek \u015fekilde dik koyarak ayakkab\u0131l\u0131\u011f\u0131n\u0131za bir hacim getirebilirsiniz. \u00d6nde\nkalan palete iki \u00fc\u00e7 adet sunta \u00e7akarak bu raf\u0131 ayakkab\u0131l\u0131k olarak\nkullanabilirsiniz. \u0130sterseniz <strong><em>palet <\/em><\/strong>\u00fcst\u00fcne mermer kestirip\ndaha \u015f\u0131k bir g\u00f6r\u00fcnt\u00fc elde edersiniz.<\/p>\n\n\n\n<h2>\u0130n\u015faat Paletini Nereden Buluruz?<\/h2>\n\n\n\n<p><strong><em>Palet<\/em><\/strong>, sanayilerden, deposu olan b\u00fcy\u00fck ma\u011fazalardan, \u00f6zellikle\nmobilya sanayii olan yerlerden bulunabilir.<\/p>\n\n\n\n<p>\u0130n\u015faat paleti ile rahat ve sade e\u015fyalar yapmak m\u00fcmk\u00fcn. Umar\u0131z\nsize biraz ilham verebilmi\u015fizdir.<\/p>\n","protected":false},"excerpt":{"rendered":"<p>Palet ile evinize dekoratif mobilyalar yapabilece\u011finiz hi\u00e7 akl\u0131n\u0131za gelmi\u015f miydi? Bunun i\u00e7in hi\u00e7 de fazla \u00e7abalaman\u0131za gerek yok. \u0130n\u015faat paletleri zaten dekorasyona uygun bir yap\u0131ya sahipler. En fazla [&hellip;]<\/p>\n","protected":false},"author":1,"featured_media":604,"comment_status":"open","ping_status":"open","sticky":false,"template":"","format":"standard","meta":[],"categories":[4],"tags":[],"_links":{"self":[{"href":"https:\/\/www.estonsehirkoru.com\/blog\/wp-json\/wp\/v2\/posts\/600"}],"collection":[{"href":"https:\/\/www.estonsehirkoru.com\/blog\/wp-json\/wp\/v2\/posts"}],"about":[{"href":"https:\/\/www.estonsehirkoru.com\/blog\/wp-json\/wp\/v2\/types\/post"}],"author":[{"embeddable":true,"href":"https:\/\/www.estonsehirkoru.com\/blog\/wp-json\/wp\/v2\/users\/1"}],"replies":[{"embeddable":true,"href":"https:\/\/www.estonsehirkoru.com\/blog\/wp-json\/wp\/v2\/comments?post=600"}],"version-history":[{"count":1,"href":"https:\/\/www.estonsehirkoru.com\/blog\/wp-json\/wp\/v2\/posts\/600\/revisions"}],"predecessor-version":[{"id":605,"href":"https:\/\/www.estonsehirkoru.com\/blog\/wp-json\/wp\/v2\/posts\/600\/revisions\/605"}],"wp:featuredmedia":[{"embeddable":true,"href":"https:\/\/www.estonsehirkoru.com\/blog\/wp-json\/wp\/v2\/media\/604"}],"wp:attachment":[{"href":"https:\/\/www.estonsehirkoru.com\/blog\/wp-json\/wp\/v2\/media?parent=600"}],"wp:term":[{"taxonomy":"category","embeddable":true,"href":"https:\/\/www.estonsehirkoru.com\/blog\/wp-json\/wp\/v2\/categories?post=600"},{"taxonomy":"post_tag","embeddable":true,"href":"https:\/\/www.estonsehirkoru.com\/blog\/wp-json\/wp\/v2\/tags?post=600"}],"curies":[{"name":"wp","href":"https:\/\/api.w.org\/{rel}","templated":true}]}}