{"id":555,"date":"2019-11-23T13:47:14","date_gmt":"2019-11-23T10:47:14","guid":{"rendered":"http:\/\/www.estonsehirkoru.com\/blog\/?p=555"},"modified":"2019-11-29T17:38:21","modified_gmt":"2019-11-29T14:38:21","slug":"dekoratif-balkon-aksesuarlari","status":"publish","type":"post","link":"https:\/\/www.estonsehirkoru.com\/blog\/dekoratif-balkon-aksesuarlari\/","title":{"rendered":"Dekoratif Balkon Aksesuarlar\u0131"},"content":{"rendered":"\n<p><strong><em>Balkon<\/em><\/strong> evimizin en havadar b\u00f6l\u00fcm\u00fcd\u00fcr. Balkonlar\u0131m\u0131z\u0131 \u015f\u0131k\naksesuarlarla s\u00fcsleyerek keyifli ya\u015fam alanlar\u0131 yaratabiliriz. Bu yaz\u0131m\u0131zda\nsizlere balkonunuzu g\u00fczelle\u015ftirecek birka\u00e7 aksesuar \u00f6nerisiyle geliyoruz.\u200b<\/p>\n\n\n\n<p>Yaz sezonu bitmi\u015f de olsa \u00e7o\u011fumuz i\u00e7in <strong><em>balkon<\/em><\/strong> sefalar\u0131ndan\nvazge\u00e7mek m\u00fcmk\u00fcn olmuyor. Kimimiz balkonlar\u0131m\u0131z\u0131 dekoratif bir \u015fekilde\nkapat\u0131rken, kimimiz de balkonu hi\u00e7 kapatmadan, zemheri k\u0131\u015f olmad\u0131\u011f\u0131 s\u00fcrece,\nonun keyfini \u00e7\u0131karmaya devam ediyoruz. Madem <strong><em>balkon<\/em><\/strong> bizim i\u00e7in\nbu kadar vazge\u00e7ilmez, onu biraz s\u00fcslemeye ne dersiniz?<\/p>\n\n\n\n<h2>Balkonun De\u011fi\u015fmezi: Saks\u0131lar<\/h2>\n\n\n\n<figure class=\"wp-block-image\"><img loading=\"lazy\" width=\"899\" height=\"585\" src=\"http:\/\/www.estonsehirkoru.com\/blog\/wp-content\/uploads\/2019\/11\/Resim1.png\" alt=\"\" class=\"wp-image-556\" srcset=\"https:\/\/www.estonsehirkoru.com\/blog\/wp-content\/uploads\/2019\/11\/Resim1.png 899w, https:\/\/www.estonsehirkoru.com\/blog\/wp-content\/uploads\/2019\/11\/Resim1-300x195.png 300w, https:\/\/www.estonsehirkoru.com\/blog\/wp-content\/uploads\/2019\/11\/Resim1-768x500.png 768w\" sizes=\"(max-width: 899px) 100vw, 899px\" \/><\/figure>\n\n\n\n<p>Saks\u0131lar balkonlar\u0131m\u0131z\u0131n olmazsa olmazlar\u0131\u2026 Evlerimiz geni\u015f\nbah\u00e7eler i\u00e7inde, ormanlar aras\u0131nda dahi olsa kendi balkonumuzda b\u00fcy\u00fctt\u00fc\u011f\u00fcm\u00fcz\nbitkinin tad\u0131 hi\u00e7bir \u015feyde yok. Bitkilerimiz i\u00e7in emek harcarken, g\u00f6z zevkimize\nhitap eden sevimli ve \u015f\u0131k saks\u0131lar kullanabiliriz. Bunlar\u0131 zaman zaman\nblo\u011fumuzda da yer verdi\u011fimiz kendin yap projeleri ile de s\u00fcsleyebiliriz. Renk\nrenk, desen desen saks\u0131lar balkonumuza bir s\u0131cakl\u0131k katar. Akdeniz evlerinin\ni\u00e7imizi \u0131s\u0131tan havas\u0131 o me\u015fhur saks\u0131lar\u0131 ve i\u00e7lerindeki \u00e7i\u00e7eklerden gelir.<\/p>\n\n\n\n<h3>\u00c7i\u00e7ek Yeti\u015ftirmeyi \u00c7ok Sevmeyenler<\/h3>\n\n\n\n<p>\u00c7i\u00e7ek yeti\u015ftirmeye \u00e7ok da merakl\u0131 biri olmayabilirsiniz. Yine\nde balkonunuzu s\u00fcslemek i\u00e7in bak\u0131m\u0131 \u00e7ok kolay olan \u00e7i\u00e7ekli kakt\u00fcsler, ya da\n\u00e7i\u00e7eksiz ye\u015fil bitkiler al\u0131p, renkli saks\u0131lara yerle\u015ftirerek kendinizden <strong><em>balkon<\/em><\/strong>\nkeyfini esirgememenin yolunu bulabilirsiniz. <\/p>\n\n\n\n<h3>Size \u00d6zel K\u00f6\u015feler<\/h3>\n\n\n\n<p>Balkonlarda hacimli saks\u0131lar kullanmak ve bunlardan k\u00fc\u00e7\u00fck\nk\u00f6\u015feler yaratmak da <strong><em>balkon <\/em><\/strong>dekorasyonunun de\u011fi\u015fmezidir. Hele bir de bu saks\u0131\nk\u00f6\u015fesinin yak\u0131n\u0131na k\u00fc\u00e7\u00fck bir balkon koltu\u011fu koyarsan\u0131z a\u00e7\u0131k havan\u0131n keyfini\ndaha da zevkle \u00e7\u0131kar\u0131rs\u0131n\u0131z.<\/p>\n\n\n\n<figure class=\"wp-block-image\"><img loading=\"lazy\" width=\"300\" height=\"219\" src=\"http:\/\/www.estonsehirkoru.com\/blog\/wp-content\/uploads\/2019\/11\/WhatsApp-Image-2019-10-28-at-22.51.29.jpeg\" alt=\"\" class=\"wp-image-557\"\/><\/figure>\n\n\n\n<h2>Saks\u0131 K\u00f6\u015fesi Ve Balkon Koltu\u011fu Bir de Puf \u0130ster<\/h2>\n\n\n\n<p>Balkonunuzda saks\u0131lardan bir k\u00f6\u015fe yaratt\u0131n\u0131z. Koltu\u011fu da\nyan\u0131na \u00e7ektiniz. Dinlenmek i\u00e7in bir de ayaklar\u0131n\u0131z\u0131 uzatacak pufunuz olsa iyi\nolmaz m\u0131?<\/p>\n\n\n\n<p>Piyasada <strong><em>balkon<\/em><\/strong> i\u00e7in \u00e7ok \u00e7e\u015fitli puf\n\u00f6rnekleri var. Bu ayki kendin yap k\u00f6\u015femizde biz de size kendi yapabilece\u011finiz\nbir puf \u00f6rne\u011fi sunuyor olaca\u011f\u0131z. Puf, az yer kaplamas\u0131 itibariyle de <strong><em>balkon<\/em><\/strong>\ni\u00e7in ideal bir aksesuard\u0131r.<\/p>\n\n\n\n<h2>Balkonda Mum I\u015f\u0131\u011f\u0131<\/h2>\n\n\n\n<p><strong><em>Balkon <\/em><\/strong>vazge\u00e7ilmezlerinden biri de mum \u0131\u015f\u0131\u011f\u0131d\u0131r. Ayn\u0131 zamanda\nmumluklar da balkon kullan\u0131m\u0131 i\u00e7in \u00e7ok \u015f\u0131k aksesuarlard\u0131r. Balkonda\nkullan\u0131labilecek mumluklar \u015f\u00fcphesiz ev i\u00e7i mumluklardan farkl\u0131d\u0131r. Balkonunuzun\nayr\u0131 bir dekorasyon stili vard\u0131r; ve mumluklar bu stilin \u00f6nemli bir\npar\u00e7as\u0131d\u0131rlar. <\/p>\n\n\n\n<figure class=\"wp-block-image\"><img loading=\"lazy\" width=\"720\" height=\"900\" src=\"http:\/\/www.estonsehirkoru.com\/blog\/wp-content\/uploads\/2019\/11\/765120ac63b529ecc40bd8eb3026d7913-1.jpg\" alt=\"\" class=\"wp-image-559\" srcset=\"https:\/\/www.estonsehirkoru.com\/blog\/wp-content\/uploads\/2019\/11\/765120ac63b529ecc40bd8eb3026d7913-1.jpg 720w, https:\/\/www.estonsehirkoru.com\/blog\/wp-content\/uploads\/2019\/11\/765120ac63b529ecc40bd8eb3026d7913-1-240x300.jpg 240w\" sizes=\"(max-width: 720px) 100vw, 720px\" \/><\/figure>\n\n\n\n<p>Mumluklar\u0131 balkonda \u00e7ok de\u011fi\u015fik yerlerde ve \u015fekillerde\nkullanabilirsiniz. Mesela yemek masan\u0131zda esprili dizaynlar\u0131 olan \u015f\u0131k\nmumluklarla ayd\u0131nlat\u0131lm\u0131\u015f bir yemek yiyebilirsiniz. Ya da <strong><em>balkon <\/em><\/strong>duvar\u0131n\u0131za\nkandil \u015feklinde bir mumluk asabilirsiniz. Kandil \u015feklindeki bu mumluklar\u0131n\nb\u00fcy\u00fcklerini, i\u00e7lerine yine b\u00fcy\u00fck boy, kal\u0131n ve renkli ya da desenli mumlar\nyerle\u015ftirerek, saks\u0131lar\u0131n yan\u0131na yere de koyabilirsiniz. Kafes \u015feklinde ve iri\nbaz\u0131 mumluk modellerini de yine saks\u0131lar\u0131n\u0131z yan\u0131na, tabana koyarak\nkullanabilirsiniz. \u00c7ok k\u00fc\u00e7\u00fck ve sevimli bir deste mumu balkon demirine\nyerle\u015ftirip yakmak da balkonunuza \u00e7ok ho\u015f bir hava verecektir.<\/p>\n\n\n\n<h2>Saks\u0131 Merdivenleri ve Toparlay\u0131c\u0131 Mini Dolaplar<\/h2>\n\n\n\n<figure class=\"wp-block-image\"><img loading=\"lazy\" width=\"340\" height=\"512\" src=\"http:\/\/www.estonsehirkoru.com\/blog\/wp-content\/uploads\/2019\/11\/WhatsApp-Image-2019-10-28-at-22.51.16.jpeg\" alt=\"\" class=\"wp-image-560\" srcset=\"https:\/\/www.estonsehirkoru.com\/blog\/wp-content\/uploads\/2019\/11\/WhatsApp-Image-2019-10-28-at-22.51.16.jpeg 340w, https:\/\/www.estonsehirkoru.com\/blog\/wp-content\/uploads\/2019\/11\/WhatsApp-Image-2019-10-28-at-22.51.16-199x300.jpeg 199w\" sizes=\"(max-width: 340px) 100vw, 340px\" \/><\/figure>\n\n\n\n<p>Belki de \u00e7i\u00e7ekleri ve saks\u0131lar\u0131 \u00e7ok seviyorsunuz. \u00d6yle ki,\nkoymak istedi\u011finiz \u00e7i\u00e7ekler i\u00e7in saks\u0131lar yetmiyor. Bu durumda, balkonunuzun\nduvar olmayan, a\u00e7\u0131k bir k\u00f6\u015fesine paravan gibi bir saks\u0131 merdiveni yapt\u0131rabilir ya da duvar\u0131n\u0131za k\u00fc\u00e7\u00fck\nsaks\u0131 ask\u0131lar\u0131 asabilirsiniz. Makrome \u00fcr\u00fcnler tavandan sark\u0131tma yoluyla da\nkullan\u0131labildikleri i\u00e7in size daha \u00e7ok \u00e7i\u00e7e\u011fi balkonunuza yerle\u015ftirme imkan\u0131\nsa\u011flarlar. <\/p>\n\n\n\n<h3>Sevimli Raflarla Balkondaki Da\u011f\u0131n\u0131kl\u0131\u011f\u0131 Toplay\u0131n<\/h3>\n\n\n\n<p>\u00c7i\u00e7eklerinizi, ve balkonda mecburen kulland\u0131\u011f\u0131n\u0131z; fakat yer\nkaplamas\u0131ndan ho\u015flanmad\u0131\u011f\u0131n\u0131z-sulama kaplar\u0131 gibi- malzemelerinizi \u015f\u0131k bir\ng\u00f6r\u00fcn\u00fcmle bir araya toplamak i\u00e7in k\u00fc\u00e7\u00fck raflar ve rafl\u0131 mini dolaplar\nkullanman\u0131z\u0131 tavsiye ederiz. \u00d6zellikle eskitme ah\u015fap g\u00f6r\u00fcn\u00fcml\u00fc; beyaz ya da gri\nolanlar\u0131 balkonunuza ayr\u0131 bir hava katacak. Eski bir ah\u015fap merdiveni duvara\ndayay\u0131p, basamaklar\u0131n\u0131 raf olarak da kullanabilirsiniz. Yine beyaza, maviye ya\nda balkona yak\u0131\u015facak di\u011fer renklere boyaman\u0131z\u0131 ya da eskitme g\u00f6r\u00fcn\u00fcm\u00fc vermenizi\n\u00f6neririz. <\/p>\n\n\n\n<p>Ayr\u0131ca balkonunuzda duvara as\u0131lan desenli \u00e7anlar, tavandan\nsark\u0131t\u0131lan ve i\u00e7ine yine \u00e7i\u00e7ek konulan kafesler, seramik duvar s\u00fcsleri de\nkullanman\u0131z, mekan\u0131 imrenilen, keyifli bir yer haline getirecektir.<\/p>\n\n\n\n<p>G\u00fcne\u015fli g\u00fcnleri ve <strong><em>balkon <\/em><\/strong>sefalar\u0131 bol bir k\u0131\u015f\nge\u00e7irmeniz dile\u011fiyle..<\/p>\n","protected":false},"excerpt":{"rendered":"<p>Balkon evimizin en havadar b\u00f6l\u00fcm\u00fcd\u00fcr. Balkonlar\u0131m\u0131z\u0131 \u015f\u0131k aksesuarlarla s\u00fcsleyerek keyifli ya\u015fam alanlar\u0131 yaratabiliriz. Bu yaz\u0131m\u0131zda sizlere balkonunuzu g\u00fczelle\u015ftirecek birka\u00e7 aksesuar \u00f6nerisiyle geliyoruz.\u200b Yaz sezonu bitmi\u015f de olsa \u00e7o\u011fumuz [&hellip;]<\/p>\n","protected":false},"author":1,"featured_media":556,"comment_status":"open","ping_status":"open","sticky":false,"template":"","format":"standard","meta":[],"categories":[4,1],"tags":[],"_links":{"self":[{"href":"https:\/\/www.estonsehirkoru.com\/blog\/wp-json\/wp\/v2\/posts\/555"}],"collection":[{"href":"https:\/\/www.estonsehirkoru.com\/blog\/wp-json\/wp\/v2\/posts"}],"about":[{"href":"https:\/\/www.estonsehirkoru.com\/blog\/wp-json\/wp\/v2\/types\/post"}],"author":[{"embeddable":true,"href":"https:\/\/www.estonsehirkoru.com\/blog\/wp-json\/wp\/v2\/users\/1"}],"replies":[{"embeddable":true,"href":"https:\/\/www.estonsehirkoru.com\/blog\/wp-json\/wp\/v2\/comments?post=555"}],"version-history":[{"count":1,"href":"https:\/\/www.estonsehirkoru.com\/blog\/wp-json\/wp\/v2\/posts\/555\/revisions"}],"predecessor-version":[{"id":561,"href":"https:\/\/www.estonsehirkoru.com\/blog\/wp-json\/wp\/v2\/posts\/555\/revisions\/561"}],"wp:featuredmedia":[{"embeddable":true,"href":"https:\/\/www.estonsehirkoru.com\/blog\/wp-json\/wp\/v2\/media\/556"}],"wp:attachment":[{"href":"https:\/\/www.estonsehirkoru.com\/blog\/wp-json\/wp\/v2\/media?parent=555"}],"wp:term":[{"taxonomy":"category","embeddable":true,"href":"https:\/\/www.estonsehirkoru.com\/blog\/wp-json\/wp\/v2\/categories?post=555"},{"taxonomy":"post_tag","embeddable":true,"href":"https:\/\/www.estonsehirkoru.com\/blog\/wp-json\/wp\/v2\/tags?post=555"}],"curies":[{"name":"wp","href":"https:\/\/api.w.org\/{rel}","templated":true}]}}