{"id":547,"date":"2019-11-16T15:08:04","date_gmt":"2019-11-16T12:08:04","guid":{"rendered":"http:\/\/www.estonsehirkoru.com\/blog\/?p=547"},"modified":"2019-11-16T15:08:05","modified_gmt":"2019-11-16T12:08:05","slug":"vitray-ile-renklenen-evler","status":"publish","type":"post","link":"https:\/\/www.estonsehirkoru.com\/blog\/vitray-ile-renklenen-evler\/","title":{"rendered":"Vitray ile Renklenen Evler"},"content":{"rendered":"\n<p>Renkli cam s\u00fcsleme sanat\u0131 olan <strong><em>vitray<\/em><\/strong>, cam\u0131n usta\nellerde t\u00fcrl\u00fc renklere b\u00fcr\u00fcnerek g\u00fczelle\u015fmesini g\u00f6sterir bizlere\u2026 Vitray\u0131 evde\nkendi eme\u011finizle yapman\u0131z asl\u0131nda hi\u00e7 de zor de\u011fil. Birka\u00e7 tane cam boyas\u0131, cam\ni\u015faretleyicisi boya ve desen ka\u011f\u0131d\u0131 bu zevki tatman\u0131z i\u00e7in yeterli.<\/p>\n\n\n\n<h2>Vitray ve Dekorasyon<\/h2>\n\n\n\n<p><strong><em>Vitray <\/em><\/strong>sanat\u0131nda esas olan renkli camlar\u0131n belli bir kompozisyon\ndahilinde bir araya getirilmesidir. Bu sanat\u0131n ustalar\u0131 adeta camlarla resim\nyaparlar. Vitray\u0131n en ay\u0131rt edici \u00f6zelli\u011fi ise \u0131\u015f\u0131ktan etkilenen yap\u0131s\u0131\nnedeniyle eserin g\u00f6r\u00fcnt\u00fcs\u00fcn\u00fcn ve yaratt\u0131\u011f\u0131 etkinin daima de\u011fi\u015fmesidir.&nbsp; <\/p>\n\n\n\n<figure class=\"wp-block-image\"><img loading=\"lazy\" width=\"815\" height=\"1024\" src=\"http:\/\/www.estonsehirkoru.com\/blog\/wp-content\/uploads\/2019\/11\/artem-sapegin-A6c5v_X70Is-unsplash-815x1024.jpg\" alt=\"\" class=\"wp-image-551\" srcset=\"https:\/\/www.estonsehirkoru.com\/blog\/wp-content\/uploads\/2019\/11\/artem-sapegin-A6c5v_X70Is-unsplash-815x1024.jpg 815w, https:\/\/www.estonsehirkoru.com\/blog\/wp-content\/uploads\/2019\/11\/artem-sapegin-A6c5v_X70Is-unsplash-239x300.jpg 239w, https:\/\/www.estonsehirkoru.com\/blog\/wp-content\/uploads\/2019\/11\/artem-sapegin-A6c5v_X70Is-unsplash-768x965.jpg 768w\" sizes=\"(max-width: 815px) 100vw, 815px\" \/><\/figure>\n\n\n\n<p>\u00d6zellikle dini yap\u0131lar, kas\u0131rlar, k\u00f6\u015fkler ve b\u00fcy\u00fck binalarda,\ndini ve do\u011fa i\u00e7erikli vitraylar sanat\u0131n bin y\u0131ll\u0131k tarihi boyunca yer alm\u0131\u015ft\u0131r.\nBu kadar g\u00fczel bir sanat, do\u011fal olarak dini ve b\u00fcy\u00fck yap\u0131larda uygulanmakla\ns\u0131n\u0131rl\u0131 kalmayarak zamanla dekorasyon d\u00fcnyas\u0131nda da kendisine yer buldu.&nbsp; Evlerin pencerelerinde, caml\u0131 kap\u0131larda,\npanolarda ve oda ay\u0131rmak i\u00e7in kullan\u0131lan paravanlarda bu sanat\u0131 kullanman\u0131n \u00e7ok\nho\u015f bir etki yaratt\u0131\u011f\u0131 ev dekorasyonu ile ilgilenen herkesin fark etti\u011fi bir\nger\u00e7ek. Ayr\u0131ca k\u00fc\u00e7\u00fck aksesuarlar ve s\u00fcs objelerinde de bu sanatkullan\u0131labiliyor.\n<\/p>\n\n\n\n<h2>Evin Genel Dekorasyonunda <em>Vitray <\/em>Kullan\u0131m\u0131<\/h2>\n\n\n\n<p>Evinizi dekore ederken <strong><em>vitray<\/em><\/strong> kullanman\u0131z mekan\u0131n\u0131za\nola\u011fan\u00fcst\u00fc sanatsal ve mistik bir hava katacakt\u0131r. Bunu \u00e7e\u015fitli \u015fekillerde\nyapabilirsiniz.<\/p>\n\n\n\n<h3>Oda B\u00f6l\u00fcc\u00fc Olarak Kullan\u0131m\u0131<\/h3>\n\n\n\n<figure class=\"wp-block-image\"><img loading=\"lazy\" width=\"347\" height=\"500\" src=\"http:\/\/www.estonsehirkoru.com\/blog\/wp-content\/uploads\/2019\/11\/crackleglass13.jpg\" alt=\"\" class=\"wp-image-552\" srcset=\"https:\/\/www.estonsehirkoru.com\/blog\/wp-content\/uploads\/2019\/11\/crackleglass13.jpg 347w, https:\/\/www.estonsehirkoru.com\/blog\/wp-content\/uploads\/2019\/11\/crackleglass13-208x300.jpg 208w\" sizes=\"(max-width: 347px) 100vw, 347px\" \/><\/figure>\n\n\n\n<p>Evinizde bir seperat\u00f6rle birbirinden ay\u0131rmay\u0131 d\u00fc\u015f\u00fcnd\u00fc\u011f\u00fcn\u00fcz\niki alan varsa, bunu neden vitrayl\u0131 bir pano ile yapmayas\u0131n\u0131z? Sadece i\u015flevsel\nolmakla kalmay\u0131p, ayn\u0131 zamanda iki b\u00f6lge aras\u0131nda mistik ve romantik bir \u0131\u015f\u0131k al\u0131\u015fveri\u015fi sa\u011flayan, adeta\nsanat eseri niteli\u011finde bir pano kom\u015fular\u0131n\u0131z\u0131 size \u00e7ok imrendirecektir.<\/p>\n\n\n\n<h3>Kap\u0131 ve Pencerelerde Kullan\u0131m\u0131<\/h3>\n\n\n\n<p>Evinizin salonunun sadece iki k\u00fc\u00e7\u00fck cam\u0131na ya da fazla\ncam\u0131n\u0131z yoksa sadece birine vitrayl\u0131 cam takman\u0131z da evinizin bu en haval\u0131\nb\u00f6l\u00fcm\u00fcn\u00fc daha da \u015f\u0131k bir hale getirir. Bunu yapam\u0131yorsan\u0131z ve salon kap\u0131n\u0131z\ncaml\u0131ysa, sadece salon kap\u0131s\u0131n\u0131n cam\u0131n\u0131 vitrayl\u0131 yapman\u0131z da ayn\u0131 etkiyi\ndo\u011furacakt\u0131r.<\/p>\n\n\n\n<h3>Objelerde Kullan\u0131m\u0131<\/h3>\n\n\n\n<figure class=\"wp-block-image\"><img loading=\"lazy\" width=\"768\" height=\"1024\" src=\"http:\/\/www.estonsehirkoru.com\/blog\/wp-content\/uploads\/2019\/11\/art-artistic-backlight-186844-768x1024.jpg\" alt=\"\" class=\"wp-image-550\" srcset=\"https:\/\/www.estonsehirkoru.com\/blog\/wp-content\/uploads\/2019\/11\/art-artistic-backlight-186844-768x1024.jpg 768w, https:\/\/www.estonsehirkoru.com\/blog\/wp-content\/uploads\/2019\/11\/art-artistic-backlight-186844-225x300.jpg 225w, https:\/\/www.estonsehirkoru.com\/blog\/wp-content\/uploads\/2019\/11\/art-artistic-backlight-186844.jpg 1920w\" sizes=\"(max-width: 768px) 100vw, 768px\" \/><\/figure>\n\n\n\n<p>&nbsp;Her ne kadar <strong><em>vitray\n<\/em><\/strong>camlar\u0131n mistik bir havalar\u0131 oldu\u011funu s\u00f6ylediysek de abajur gibi\nobjelerde renklerin \u00e7e\u015fitlili\u011fi bir ne\u015fe ve enerji havas\u0131 yarat\u0131r. Ayn\u0131 \u015fekilde fener\nmumluklar, paravanlar ve vazolar da renk ve desen \u00e7e\u015fitlilikleriyle evinizin\nhavas\u0131n\u0131 de\u011fi\u015ftirir. \u00dcstelik <strong><em>vitray <\/em><\/strong>sanat\u0131n\u0131 evde kendi\n\u00e7aban\u0131zla hayata ge\u00e7irebilir, baz\u0131 k\u00fc\u00e7\u00fck objeleri kendiniz s\u00fcsleyebilirsiniz.\nSadece k\u00fc\u00e7\u00fck bir tablo bile evinize canl\u0131 bir hava getirecek.<\/p>\n\n\n\n<h2>Evde <em>Vitray <\/em>\u00c7al\u0131\u015fmalar\u0131<\/h2>\n\n\n\n<p>Gerekli malzemeler:<\/p>\n\n\n\n<p>Pano yapacaksan\u0131z istedi\u011finiz boyutlarda kesilmi\u015f bir b\u00fct\u00fcn\ncam, ya da \u00fczerine <strong><em>vitray <\/em><\/strong>deseni yapmak i\u00e7in bir obje.<\/p>\n\n\n\n<p>Desen olu\u015fturmak i\u00e7in, k\u00e2\u011f\u0131t, kalem, pergel, g\u00f6nye ya da\ndeseni kendiniz yapamayacaksan\u0131z haz\u0131r al\u0131nm\u0131\u015f desen ka\u011f\u0131d\u0131<\/p>\n\n\n\n<p>\u0130stedi\u011finiz renklerde cam boyalar\u0131<\/p>\n\n\n\n<p>\u0130\u015faretlemeye yarayan, cam kont\u00fcr boyas\u0131 ve <\/p>\n\n\n\n<p>Haz\u0131r \u015ferit kont\u00fcr<\/p>\n\n\n\n<h3>Yap\u0131l\u0131\u015f\u0131:<\/h3>\n\n\n\n<p>Kendi \u00e7izdi\u011fimiz ya da haz\u0131r ald\u0131\u011f\u0131m\u0131z deseni cam pano ya da\nobjenin alt\u0131na yerle\u015ftiriyoruz. Haz\u0131r desen ka\u011f\u0131tlar\u0131 beyaz \u00fczerine siyah\n\u00e7izimlerden olu\u015fup hobi d\u00fckkanlar\u0131nda sat\u0131lmaktad\u0131r. <\/p>\n\n\n\n<figure class=\"wp-block-image\"><img loading=\"lazy\" width=\"1024\" height=\"1024\" src=\"http:\/\/www.estonsehirkoru.com\/blog\/wp-content\/uploads\/2019\/11\/VI\u0307TRAY_Moment-1024x1024.jpg\" alt=\"\" class=\"wp-image-553\" srcset=\"https:\/\/www.estonsehirkoru.com\/blog\/wp-content\/uploads\/2019\/11\/VI\u0307TRAY_Moment-1024x1024.jpg 1024w, https:\/\/www.estonsehirkoru.com\/blog\/wp-content\/uploads\/2019\/11\/VI\u0307TRAY_Moment-150x150.jpg 150w, https:\/\/www.estonsehirkoru.com\/blog\/wp-content\/uploads\/2019\/11\/VI\u0307TRAY_Moment-300x300.jpg 300w, https:\/\/www.estonsehirkoru.com\/blog\/wp-content\/uploads\/2019\/11\/VI\u0307TRAY_Moment-768x768.jpg 768w, https:\/\/www.estonsehirkoru.com\/blog\/wp-content\/uploads\/2019\/11\/VI\u0307TRAY_Moment.jpg 1080w\" sizes=\"(max-width: 1024px) 100vw, 1024px\" \/><\/figure>\n\n\n\n<p>Kolayl\u0131k olsun diye haz\u0131r \u015ferit kont\u00fcrleri desenin \u015feklini\nalacak bi\u00e7imde cam\u0131n \u00fczerine yap\u0131\u015ft\u0131r\u0131yoruz. Deseniniz \u00e7ok k\u0131vr\u0131ml\u0131ysa, bu\n\u015feritlerin k\u0131vr\u0131ml\u0131 olanlar\u0131ndan da alabilirsiniz. Daha sonra kont\u00fcr boyas\u0131yla\ndesenin \u00fczerinden ge\u00e7iyoruz. Desenimizin kenar hatlar\u0131n\u0131 bu \u015fekilde\nbelirginle\u015ftirdikten sonra cam boyas\u0131yla i\u00e7 k\u0131s\u0131mlar\u0131 dipten a\u00e7\u0131\u011fa do\u011fru\nboyuyoruz. Dip k\u0131s\u0131mlar\u0131 daha koyu boyaman\u0131z daha etkili bir g\u00f6r\u00fcnt\u00fc\nyaratacakt\u0131r. <\/p>\n\n\n\n<p>Desenin d\u0131\u015f\u0131nda kalan k\u0131s\u0131mlar\u0131 da cam boyas\u0131yla boyuyoruz;\nancak bu alan daha geni\u015f olu\u011fu i\u00e7in daha dairesel hareketlerle boyayabiliriz. <\/p>\n\n\n\n<p>Boyama esnas\u0131nda cam boyas\u0131n\u0131n sivri ucunu kullan\u0131yoruz. Yani\nayr\u0131ca f\u0131r\u00e7a kullanm\u0131yoruz. Ancak \u00e7ok \u00f6zel bir desen yapmak konusunda\nyetene\u011finize g\u00fcveniyorsunuz desen i\u00e7in ince u\u00e7lu bir f\u0131r\u00e7a kullanabilirsiniz.<\/p>\n\n\n\n<p>Bu \u015fekilde boyad\u0131\u011f\u0131m\u0131z objeyi 24 saat bekletti\u011fimizde boya\noturacak ve siz de <strong><em>vitray<\/em><\/strong> sanat\u0131yla yap\u0131lm\u0131\u015f, estetik bir objeye sahip\nolacaks\u0131n\u0131z. <\/p>\n\n\n\n<p>\u015eimdiden ellerinize sa\u011fl\u0131k\u2026<\/p>\n","protected":false},"excerpt":{"rendered":"<p>Renkli cam s\u00fcsleme sanat\u0131 olan vitray, cam\u0131n usta ellerde t\u00fcrl\u00fc renklere b\u00fcr\u00fcnerek g\u00fczelle\u015fmesini g\u00f6sterir bizlere\u2026 Vitray\u0131 evde kendi eme\u011finizle yapman\u0131z asl\u0131nda hi\u00e7 de zor de\u011fil. Birka\u00e7 tane cam [&hellip;]<\/p>\n","protected":false},"author":1,"featured_media":549,"comment_status":"open","ping_status":"open","sticky":false,"template":"","format":"standard","meta":[],"categories":[4,2],"tags":[],"_links":{"self":[{"href":"https:\/\/www.estonsehirkoru.com\/blog\/wp-json\/wp\/v2\/posts\/547"}],"collection":[{"href":"https:\/\/www.estonsehirkoru.com\/blog\/wp-json\/wp\/v2\/posts"}],"about":[{"href":"https:\/\/www.estonsehirkoru.com\/blog\/wp-json\/wp\/v2\/types\/post"}],"author":[{"embeddable":true,"href":"https:\/\/www.estonsehirkoru.com\/blog\/wp-json\/wp\/v2\/users\/1"}],"replies":[{"embeddable":true,"href":"https:\/\/www.estonsehirkoru.com\/blog\/wp-json\/wp\/v2\/comments?post=547"}],"version-history":[{"count":1,"href":"https:\/\/www.estonsehirkoru.com\/blog\/wp-json\/wp\/v2\/posts\/547\/revisions"}],"predecessor-version":[{"id":554,"href":"https:\/\/www.estonsehirkoru.com\/blog\/wp-json\/wp\/v2\/posts\/547\/revisions\/554"}],"wp:featuredmedia":[{"embeddable":true,"href":"https:\/\/www.estonsehirkoru.com\/blog\/wp-json\/wp\/v2\/media\/549"}],"wp:attachment":[{"href":"https:\/\/www.estonsehirkoru.com\/blog\/wp-json\/wp\/v2\/media?parent=547"}],"wp:term":[{"taxonomy":"category","embeddable":true,"href":"https:\/\/www.estonsehirkoru.com\/blog\/wp-json\/wp\/v2\/categories?post=547"},{"taxonomy":"post_tag","embeddable":true,"href":"https:\/\/www.estonsehirkoru.com\/blog\/wp-json\/wp\/v2\/tags?post=547"}],"curies":[{"name":"wp","href":"https:\/\/api.w.org\/{rel}","templated":true}]}}