{"id":534,"date":"2019-10-16T12:53:51","date_gmt":"2019-10-16T09:53:51","guid":{"rendered":"http:\/\/www.estonsehirkoru.com\/blog\/?p=534"},"modified":"2019-11-04T12:58:28","modified_gmt":"2019-11-04T09:58:28","slug":"dar-alanda-harikalar-yaratma-sanati","status":"publish","type":"post","link":"https:\/\/www.estonsehirkoru.com\/blog\/dar-alanda-harikalar-yaratma-sanati\/","title":{"rendered":"Dar Alanda Harikalar Yaratma Sanat\u0131"},"content":{"rendered":"\n<p>Eviniz ne kadar b\u00fcy\u00fck olursa olsun zaman zaman dekorasyon konusunda&nbsp; zorlan\u0131yoruz. Neyi nereye koyaca\u011f\u0131m\u0131z\u0131\n\u015fa\u015f\u0131r\u0131yoruz. Zamanla biriktirdi\u011fimiz e\u015fyalar ile ya\u015fam alanlar\u0131 daralmaya\nba\u015fl\u0131yor ve estetik a\u00e7\u0131dan ortaya ho\u015f bir g\u00f6r\u00fcnt\u00fc \u00e7\u0131km\u0131yor. Evde keyifli zaman\nge\u00e7irebilmek i\u00e7in ev dekorasyonunun da sade ve d\u00fczenli olmas\u0131 gerekiyor. Bu\nyaz\u0131m\u0131zda evinizdeki k\u00fc\u00e7\u00fck ve dar alanlar\u0131n dekorasyonunu nas\u0131l lehinize\n\u00e7evirebilece\u011finizden bahsedece\u011fiz.<\/p>\n\n\n\n<ol><li><strong>\u00d6l\u00fc Alanlar\u0131 Depolama \u0130\u00e7in Kullan\u0131n<\/strong><\/li><\/ol>\n\n\n\n<p>E\u011fer g\u00f6zden uzak, bo\u015f ve \u00f6l\u00fc alanlar\u0131n\u0131z varsa, ortal\u0131kta duran kullanmad\u0131\u011f\u0131n\u0131z e\u015fyalar\u0131n\u0131z\u0131 depolamak i\u00e7in kullanabilirsiniz. \u00d6rne\u011fin duvar \u00e7\u0131k\u0131nt\u0131lar\u0131 bir \u00e7o\u011fumuzun rahats\u0131z oldu\u011fu bir detay. Bu duvar \u00e7\u0131k\u0131nt\u0131lar\u0131n\u0131 avantaja d\u00f6n\u00fc\u015ft\u00fcrmek i\u00e7in raflardan yararlanabilirsiniz. Raf\u0131 bir marangoza \u00f6l\u00e7\u00fc alarak kestirebilece\u011finiz gibi, kendiniz gidip yap\u0131 marketlerden de sat\u0131n alabilirsiniz. Duvar boyu raf d\u00f6\u015fedi\u011finizi hayal etti\u011finizde, ne kadar \u00e7ok depolama alan\u0131 yaratabilece\u011finizi fark edebilirsiniz. Raflar\u0131n a\u00e7\u0131k\u00e7a g\u00f6r\u00fcnmesi sizi rahats\u0131z edecekse, ince s\u00fcrg\u00fcl\u00fc bir kap\u0131 yapt\u0131rarak depolama alan\u0131n\u0131z\u0131 gizleyebilirsiniz.\u00a0 <\/p>\n\n\n\n<div class=\"wp-block-columns has-2-columns\">\n<div class=\"wp-block-column\">\n<figure class=\"wp-block-image\"><img loading=\"lazy\" width=\"494\" height=\"561\" src=\"http:\/\/www.estonsehirkoru.com\/blog\/wp-content\/uploads\/2019\/11\/dar1-1.jpg\" alt=\"\" class=\"wp-image-536\" srcset=\"https:\/\/www.estonsehirkoru.com\/blog\/wp-content\/uploads\/2019\/11\/dar1-1.jpg 494w, https:\/\/www.estonsehirkoru.com\/blog\/wp-content\/uploads\/2019\/11\/dar1-1-264x300.jpg 264w\" sizes=\"(max-width: 494px) 100vw, 494px\" \/><\/figure>\n<\/div>\n\n\n\n<div class=\"wp-block-column\">\n<figure class=\"wp-block-image\"><img loading=\"lazy\" width=\"564\" height=\"846\" src=\"http:\/\/www.estonsehirkoru.com\/blog\/wp-content\/uploads\/2019\/11\/dar2.jpg\" alt=\"\" class=\"wp-image-537\" srcset=\"https:\/\/www.estonsehirkoru.com\/blog\/wp-content\/uploads\/2019\/11\/dar2.jpg 564w, https:\/\/www.estonsehirkoru.com\/blog\/wp-content\/uploads\/2019\/11\/dar2-200x300.jpg 200w\" sizes=\"(max-width: 564px) 100vw, 564px\" \/><\/figure>\n<\/div>\n<\/div>\n\n\n\n<p>Duvar \u00e7\u0131k\u0131nt\u0131lar\u0131n\u0131n yan\u0131 s\u0131ra bir di\u011fer \u00f6l\u00fc alan sorunu\ndubleks ya da \u00e7ok katl\u0131 m\u00fcstakil evlerde ortaya \u00e7\u0131k\u0131yor: merdiven altlar\u0131. Bu\nalan\u0131 de\u011ferlendirmeniz i\u00e7in biraz daha \u00e7ok \u00e7aba sarf etmeniz, hatta bir ustadan\ndestek alman\u0131z gerekebilir. Ancak olu\u015fan sonucu siz de \u00e7ok be\u011feneceksiniz.\nMerdiven alt\u0131n\u0131z\u0131 bir kitapl\u0131\u011fa ya da dolaba d\u00f6n\u00fc\u015ft\u00fcrebilirsiniz. Kitapl\u0131k\nolarak kullanmak dekoratif a\u00e7\u0131dan olduk\u00e7a g\u00fczel \n \n \nbir g\u00f6r\u00fcnt\u00fc elde etmenizi sa\u011flayacakt\u0131r. As\u0131l kitapl\u0131\u011f\u0131n\u0131zda kendine\nyer bulamayan, kolilerle s\u0131\u011f bir k\u00f6\u015feye kald\u0131r\u0131lm\u0131\u015f olan kitaplar\u0131n\u0131z\u0131 bu yeni\nmerdiven alt\u0131 kitapl\u0131\u011f\u0131n\u0131zda dekorasyon i\u00e7in de\u011ferlendirebilirsiniz. Ancak daha\nb\u00fcy\u00fck bir e\u015fya y\u00fck\u00fcn\u00fcz varsa, merdiven alt\u0131n\u0131 dolaba \u00e7evirmek sizin i\u00e7in daha\nmant\u0131kl\u0131 olacakt\u0131r. Dolap kapaklar\u0131 i\u00e7in ayna kullanman\u0131z ise dar alan\u0131 daha\ngeni\u015f ve ferah g\u00f6stermenize yard\u0131mc\u0131 olacakt\u0131r. <\/p>\n\n\n\n<ul><li><strong>\u201cZeminden Duvara\u201d Dekorasyon Anlay\u0131\u015f\u0131\nile Duvarlar\u0131n\u0131zdan Maksimum Seviyede Faydalan\u0131n<\/strong><\/li><\/ul>\n\n\n\n<p>E\u011fer odalar\u0131n\u0131z\u0131n metrekaresini hareketli mobilyalarla\nk\u00fc\u00e7\u00fcltmek istemiyorsan\u0131z, duvar\u0131 tamamen kaplayan kitapl\u0131klardan, raflardan ya\nda dolaplardan faydalanabilirsiniz. \u00d6zellikle de mutfak ya da banyonuz geliyorsa,\nbu y\u00f6ntem size d\u00fc\u015f\u00fcnd\u00fc\u011f\u00fcn\u00fczden daha fazla yer kazand\u0131racakt\u0131r. \u201cEn \u00fcst rafa,\nb\u00f6lmeye nas\u0131l eri\u015fece\u011fim?\u201d sorunuzu duyar gibiyiz, ancak endi\u015felenmeyin. Duvar\nboyu dolaplar\u0131n \u00fcst raflar\u0131 genellikle depolama i\u00e7in kullan\u0131l\u0131r. \u00d6rnek verecek\nolursak, s\u0131k\u00e7a elinizin gitmedi\u011fi kitaplar\u0131 en \u00fcst raflara; ya da\nkullanmad\u0131\u011f\u0131n\u0131z tencerelerinizi, kullanmad\u0131\u011f\u0131n\u0131z havlular\u0131 en \u00fcst b\u00f6lmelere\nyerle\u015ftirebilirsiniz. B\u00f6ylelikle size laz\u0131m olmayanlar\u0131 el alt\u0131ndan ve g\u00f6z\n\u00f6n\u00fcnden kald\u0131rm\u0131\u015f olursunuz. Ayn\u0131 zamanda da zaten dar olan alan\u0131n\u0131zda,\nkapaklar\u0131n ard\u0131nda olduk\u00e7a fazla bir depolama alan\u0131 yaratm\u0131\u015f olursunuz. Hatta\ndolab\u0131n\u0131z\u0131n i\u00e7erisine \u00e7ekmeceler ya da sepetler takt\u0131rarak dolab\u0131n\u0131z\u0131 bir raf\ndizisinden \u00e7ok daha fonksiyonel hale getirebilirsiniz. <\/p>\n\n\n\n<ul><li><strong>Beyaz Renk ve Aynalar ile Biraz\n\u0130ll\u00fczyon! <\/strong><\/li><\/ul>\n\n\n\n<p>Dar alanlar\u0131n dekorasyonunda koyu renklerden uzakla\u015farak\nbeyaz ve yumu\u015fak renklere gitmek gerekiyor. \u00c7\u00fcnk\u00fc zaten k\u00fc\u00e7\u00fck oldu\u011funu\nd\u00fc\u015f\u00fcnd\u00fc\u011f\u00fcn\u00fcz&nbsp; alan\u0131 koyu renkler ile\ndekore etti\u011finiz zaman daha bo\u011fucu bir hale getirmi\u015f oluyorsunuz. Ancak beyaz\u0131\na\u00e7\u0131k tonlar ile kombinleyip, \u0131\u015f\u0131\u011f\u0131n beyaz \u00fczerinde yans\u0131mas\u0131ndan faydalanarak kulland\u0131\u011f\u0131n\u0131zda,\noda daha ferah bir\n \n \n alana giriyormu\u015f hissi verir. Odalar\u0131n\u0131z\u0131 daha geni\u015f g\u00f6stermeniz\ni\u00e7in bir di\u011fer hilemiz ise aynalar. Odan\u0131n dekorasyonuna uyumlu bir ayna ile\nodaya derinlik katarak odan\u0131n daha geni\u015f g\u00f6r\u00fcnmesini sa\u011flayabilirsiniz. <\/p>\n\n\n\n<figure class=\"wp-block-image\"><img loading=\"lazy\" width=\"563\" height=\"558\" src=\"http:\/\/www.estonsehirkoru.com\/blog\/wp-content\/uploads\/2019\/11\/dar3.jpg\" alt=\"\" class=\"wp-image-538\" srcset=\"https:\/\/www.estonsehirkoru.com\/blog\/wp-content\/uploads\/2019\/11\/dar3.jpg 563w, https:\/\/www.estonsehirkoru.com\/blog\/wp-content\/uploads\/2019\/11\/dar3-150x150.jpg 150w, https:\/\/www.estonsehirkoru.com\/blog\/wp-content\/uploads\/2019\/11\/dar3-300x297.jpg 300w\" sizes=\"(max-width: 563px) 100vw, 563px\" \/><\/figure>\n\n\n\n<ul><li><strong>Karma\u015fay\u0131 Dize Getirmenin Tek Yolu:\nUyum<\/strong><\/li><\/ul>\n\n\n\n<p>Yukar\u0131da vermi\u015f oldu\u011fumuz tavsiyeleri hayata ge\u00e7irdi\u011finizde\nfaydas\u0131n\u0131 g\u00f6rebilmeniz i\u00e7in di\u011fer bir hile ise kulland\u0131\u011f\u0131n\u0131z ekipmanlar\u0131n ya da\ne\u015fyalar\u0131n \u015fekil ve renk olarak uyum i\u00e7erisinde olmas\u0131. Kitapl\u0131\u011f\u0131n\u0131za dizdi\u011finiz\nkitaplar boy, \u015fekil veya renk uyumu i\u00e7erisinde olursa, daha \u015f\u0131k g\u00f6r\u00fcnecektir.\n\u00d6rne\u011fin kitaplar\u0131n\u0131z\u0131 yay\u0131nevlerine veya yazarlara g\u00f6re dizebilirsiniz. Bu\ny\u00f6ntemle i\u00e7indeki kitaplara rahat eri\u015filebilir bir k\u00fct\u00fcphaneye sahip olman\u0131z\nm\u00fcmk\u00fcn. Yahut mutfa\u011f\u0131n\u0131zdaki dolab\u0131n raflar\u0131na elinize geleni koymak yerine,\nmutfak e\u015fyalar\u0131n\u0131z\u0131 kategorilere g\u00f6re yerle\u015ftirirseniz \u00e7ok daha iyi bir sonu\u00e7\nelde edeceksiniz. Bu dekorasyon ipu\u00e7lar\u0131n\u0131 kullan\u0131rken elbette renklerin\nuyumunu da g\u00f6z ard\u0131 etmemelisiniz. A\u00e7\u0131k renkleri ve e\u015fyalar\u0131n uyumuyla sa\u011flanan\nd\u00fczeni tercih ederseniz, eviniz dekorasyon dergilerinde g\u00f6r\u00fcp be\u011fendi\u011finiz&nbsp; \u015f\u0131k ve sade evlere benzeyecektir. <\/p>\n","protected":false},"excerpt":{"rendered":"<p>Eviniz ne kadar b\u00fcy\u00fck olursa olsun zaman zaman dekorasyon konusunda&nbsp; zorlan\u0131yoruz. Neyi nereye koyaca\u011f\u0131m\u0131z\u0131 \u015fa\u015f\u0131r\u0131yoruz. Zamanla biriktirdi\u011fimiz e\u015fyalar ile ya\u015fam alanlar\u0131 daralmaya ba\u015fl\u0131yor ve estetik a\u00e7\u0131dan ortaya ho\u015f [&hellip;]<\/p>\n","protected":false},"author":1,"featured_media":538,"comment_status":"open","ping_status":"open","sticky":false,"template":"","format":"standard","meta":[],"categories":[1],"tags":[],"_links":{"self":[{"href":"https:\/\/www.estonsehirkoru.com\/blog\/wp-json\/wp\/v2\/posts\/534"}],"collection":[{"href":"https:\/\/www.estonsehirkoru.com\/blog\/wp-json\/wp\/v2\/posts"}],"about":[{"href":"https:\/\/www.estonsehirkoru.com\/blog\/wp-json\/wp\/v2\/types\/post"}],"author":[{"embeddable":true,"href":"https:\/\/www.estonsehirkoru.com\/blog\/wp-json\/wp\/v2\/users\/1"}],"replies":[{"embeddable":true,"href":"https:\/\/www.estonsehirkoru.com\/blog\/wp-json\/wp\/v2\/comments?post=534"}],"version-history":[{"count":1,"href":"https:\/\/www.estonsehirkoru.com\/blog\/wp-json\/wp\/v2\/posts\/534\/revisions"}],"predecessor-version":[{"id":539,"href":"https:\/\/www.estonsehirkoru.com\/blog\/wp-json\/wp\/v2\/posts\/534\/revisions\/539"}],"wp:featuredmedia":[{"embeddable":true,"href":"https:\/\/www.estonsehirkoru.com\/blog\/wp-json\/wp\/v2\/media\/538"}],"wp:attachment":[{"href":"https:\/\/www.estonsehirkoru.com\/blog\/wp-json\/wp\/v2\/media?parent=534"}],"wp:term":[{"taxonomy":"category","embeddable":true,"href":"https:\/\/www.estonsehirkoru.com\/blog\/wp-json\/wp\/v2\/categories?post=534"},{"taxonomy":"post_tag","embeddable":true,"href":"https:\/\/www.estonsehirkoru.com\/blog\/wp-json\/wp\/v2\/tags?post=534"}],"curies":[{"name":"wp","href":"https:\/\/api.w.org\/{rel}","templated":true}]}}