{"id":1122,"date":"2025-10-22T16:28:00","date_gmt":"2025-10-22T13:28:00","guid":{"rendered":"https:\/\/www.estonsehirkoru.com\/blog\/?p=1122"},"modified":"2025-10-01T23:37:37","modified_gmt":"2025-10-01T20:37:37","slug":"antreyi-goz-ardi-etmeyin-fonksiyonel-ve-estetik-cozumler","status":"publish","type":"post","link":"https:\/\/www.estonsehirkoru.com\/blog\/antreyi-goz-ardi-etmeyin-fonksiyonel-ve-estetik-cozumler\/","title":{"rendered":"Antreyi G\u00f6z Ard\u0131 Etmeyin: Fonksiyonel ve Estetik \u00c7\u00f6z\u00fcmler"},"content":{"rendered":"\n<p>Bir eve ad\u0131m att\u0131\u011f\u0131n\u0131zda sizi ilk kar\u015f\u0131layan alan antre olur. Bu nedenle antre, evin geri kalan\u0131n\u0131n havas\u0131n\u0131 yans\u0131tan ve misafirlere ilk izlenimi sunan en \u00f6nemli alanlardan biridir. \u00c7o\u011fu zaman k\u00fc\u00e7\u00fck ve dar bir alana sahip olsa da do\u011fru dekorasyon fikirleriyle hem i\u015flevsel hem de \u015f\u0131k bir g\u00f6r\u00fcn\u00fcm elde edilebilir. \u0130\u015fte antre dekorasyonunda dikkat edebilece\u011finiz baz\u0131 \u00f6neriler:<\/p>\n\n\n\n<p><strong>1. Ayd\u0131nlatmaya \u00d6nem Verin<\/strong><\/p>\n\n\n\n<p>Antre genellikle do\u011fal \u0131\u015f\u0131k almayan bir b\u00f6l\u00fcmd\u00fcr. Bu y\u00fczden ferah bir atmosfer yaratmak i\u00e7in iyi bir ayd\u0131nlatma \u015fartt\u0131r. Tavandan sarkan \u015f\u0131k bir avize ya da modern aplikler antreyi daha davetk\u00e2r hale getirir.<\/p>\n\n\n\n<p><strong>2. Aynalar\u0131n G\u00fcc\u00fcnden Yararlan\u0131n<\/strong><\/p>\n\n\n\n<p>K\u00fc\u00e7\u00fck antrelerde aynalar hem alan\u0131 daha geni\u015f g\u00f6sterir hem de \u015f\u0131kl\u0131k katar. Ayr\u0131ca evden \u00e7\u0131kmadan \u00f6nce son kez g\u00f6r\u00fcn\u00fcm\u00fcn\u00fcze g\u00f6z atman\u0131z\u0131 sa\u011flar.<\/p>\n\n\n\n<p><strong>3. Fonksiyonel Mobilyalar Kullan\u0131n<\/strong><\/p>\n\n\n\n<p>Portmanto, ayakkab\u0131l\u0131k ve k\u00fc\u00e7\u00fck bir konsol; antreyi d\u00fczenli tutman\u0131n anahtarlar\u0131d\u0131r. Dar alanlar i\u00e7in duvara monte edilen ask\u0131lar ya da ince raflar kurtar\u0131c\u0131 olabilir.<\/p>\n\n\n\n<p><strong>4. Renk Se\u00e7imiyle Ferahl\u0131k Yarat\u0131n<\/strong><\/p>\n\n\n\n<p>A\u00e7\u0131k renkler antreyi oldu\u011fundan daha b\u00fcy\u00fck g\u00f6sterir. Beyaz, bej ya da pastel tonlar ideal tercihlerdir. Daha enerjik bir etki i\u00e7in pastel renklerle kombinleyebilir, aksesuarlarla s\u0131cakl\u0131k katabilirsiniz.<\/p>\n\n\n\n<p><strong>5. Ki\u015fisel Dokunu\u015flarla Karakter Kat\u0131n<\/strong><\/p>\n\n\n\n<p>Antreyi sadece fonksiyonel bir alan olarak d\u00fc\u015f\u00fcnmeyin. K\u00fc\u00e7\u00fck tablolar, dekoratif objeler veya bitkilerle buray\u0131 evin ruhunu yans\u0131tan bir alan haline getirebilirsiniz.<\/p>\n\n\n\n<p><strong>6. D\u00fczeni \u00d6n Planda Tutun<\/strong><\/p>\n\n\n\n<p>Antrede fazlal\u0131klar g\u00f6z\u00fc \u00e7ok yorar. G\u00fcnl\u00fck kullan\u0131m\u0131 kolayla\u015ft\u0131rmak i\u00e7in yaln\u0131zca ihtiyac\u0131n\u0131z olan e\u015fyalar\u0131 b\u0131rak\u0131n. D\u00fczenli bir antre, evin geneline yay\u0131lan huzurun ba\u015flang\u0131c\u0131d\u0131r.<\/p>\n\n\n\n<p>Antre, evin vitrini gibidir. Do\u011fru ayd\u0131nlatma, fonksiyonel mobilyalar ve ki\u015fisel dokunu\u015flarla bu alan\u0131 hem \u015f\u0131k hem de kullan\u0131\u015fl\u0131 hale getirebilirsiniz. K\u00fc\u00e7\u00fck detaylar\u0131n b\u00fcy\u00fck fark yaratt\u0131\u011f\u0131n\u0131 unutmay\u0131n.<\/p>\n","protected":false},"excerpt":{"rendered":"<p>Bir eve ad\u0131m att\u0131\u011f\u0131n\u0131zda sizi ilk kar\u015f\u0131layan alan antre olur. Bu nedenle antre, evin geri kalan\u0131n\u0131n havas\u0131n\u0131 yans\u0131tan ve misafirlere ilk izlenimi sunan en \u00f6nemli alanlardan biridir. \u00c7o\u011fu [&hellip;]<\/p>\n","protected":false},"author":1,"featured_media":1123,"comment_status":"open","ping_status":"open","sticky":false,"template":"","format":"standard","meta":[],"categories":[1],"tags":[],"_links":{"self":[{"href":"https:\/\/www.estonsehirkoru.com\/blog\/wp-json\/wp\/v2\/posts\/1122"}],"collection":[{"href":"https:\/\/www.estonsehirkoru.com\/blog\/wp-json\/wp\/v2\/posts"}],"about":[{"href":"https:\/\/www.estonsehirkoru.com\/blog\/wp-json\/wp\/v2\/types\/post"}],"author":[{"embeddable":true,"href":"https:\/\/www.estonsehirkoru.com\/blog\/wp-json\/wp\/v2\/users\/1"}],"replies":[{"embeddable":true,"href":"https:\/\/www.estonsehirkoru.com\/blog\/wp-json\/wp\/v2\/comments?post=1122"}],"version-history":[{"count":1,"href":"https:\/\/www.estonsehirkoru.com\/blog\/wp-json\/wp\/v2\/posts\/1122\/revisions"}],"predecessor-version":[{"id":1124,"href":"https:\/\/www.estonsehirkoru.com\/blog\/wp-json\/wp\/v2\/posts\/1122\/revisions\/1124"}],"wp:featuredmedia":[{"embeddable":true,"href":"https:\/\/www.estonsehirkoru.com\/blog\/wp-json\/wp\/v2\/media\/1123"}],"wp:attachment":[{"href":"https:\/\/www.estonsehirkoru.com\/blog\/wp-json\/wp\/v2\/media?parent=1122"}],"wp:term":[{"taxonomy":"category","embeddable":true,"href":"https:\/\/www.estonsehirkoru.com\/blog\/wp-json\/wp\/v2\/categories?post=1122"},{"taxonomy":"post_tag","embeddable":true,"href":"https:\/\/www.estonsehirkoru.com\/blog\/wp-json\/wp\/v2\/tags?post=1122"}],"curies":[{"name":"wp","href":"https:\/\/api.w.org\/{rel}","templated":true}]}}