{"id":1113,"date":"2025-07-30T17:14:00","date_gmt":"2025-07-30T14:14:00","guid":{"rendered":"https:\/\/www.estonsehirkoru.com\/blog\/?p=1113"},"modified":"2025-07-28T20:16:51","modified_gmt":"2025-07-28T17:16:51","slug":"japon-minimalizmi-az-ile-cok-etki-yaratmak%e2%80%8b","status":"publish","type":"post","link":"https:\/\/www.estonsehirkoru.com\/blog\/japon-minimalizmi-az-ile-cok-etki-yaratmak%e2%80%8b\/","title":{"rendered":"Japon Minimalizmi: Az ile \u00c7ok Etki Yaratmak\u200b"},"content":{"rendered":"\n<p>Az, asl\u0131nda daha fazlas\u0131d\u0131r. Japon minimalizmi bu felsefeyi sadece dekorasyon anlay\u0131\u015f\u0131yla de\u011fil, bir ya\u015fam bi\u00e7imi olarak da benimser. Sadeli\u011fin g\u00fcc\u00fcn\u00fc, do\u011fayla uyumu ve zihinsel huzuru merkezine alan bu stil; estetikten \u00f6d\u00fcn vermeden yal\u0131n ve dengeli bir ya\u015fam alan\u0131 yaratman\u0131n anahtar\u0131d\u0131r. E\u011fer evinizde ferahl\u0131k, d\u00fczen ve huzur ar\u0131yorsan\u0131z; Japon minimalizmiyle tan\u0131\u015fman\u0131n tam zaman\u0131.<\/p>\n\n\n\n<ol><li>Sadelikteki G\u00fcc\u00fc Ke\u015ffedin<br>Japon minimalizminin temelinde \u201cfazlal\u0131klardan ar\u0131nmak\u201d yatar. Bu anlay\u0131\u015fta her e\u015fya bilin\u00e7li bir tercihle yerle\u015ftirilir, her obje anlam ta\u015f\u0131r.<br>\u2022 Gereksiz kalabal\u0131ktan uzak durun.<br>\u2022 Her objenin bir i\u015flevi ve bir anlam\u0131 olmal\u0131.<br>\u2022 G\u00f6z\u00fc yormayan, sade bir yerle\u015fim d\u00fczeni tercih edin.<br>Bo\u015fluklar korkulacak de\u011fil, de\u011fer verilecek alanlard\u0131r. Evinizin nefes almas\u0131na izin verin.<\/li><li>Do\u011fal Malzemelere \u00d6ncelik Verin<br>Do\u011faya yak\u0131nl\u0131k, Japon k\u00fclt\u00fcr\u00fcn\u00fcn en temel \u00f6gelerindendir. Bu nedenle Japon minimalizmi do\u011fall\u0131\u011f\u0131 \u00f6nceleyen bir esteti\u011fe sahiptir.<br>\u2022 Ah\u015fap, bambu, ta\u015f, pamuk, keten gibi malzemeler \u00f6ne \u00e7\u0131kar.<br>\u2022 Mat y\u00fczeyler ve do\u011fal dokular tercih edilir.<br>\u2022 Sertlikten uzak, s\u0131cak ve yumu\u015fak ge\u00e7i\u015fler kullan\u0131l\u0131r.<br>Bu malzemeler yaln\u0131zca g\u00f6rsel de\u011fil, duyusal anlamda da sakinlik sa\u011flar.<\/li><li>N\u00f6tr Renk Paletini Benimseyin<br>Sade bir atmosfer yaratmak i\u00e7in renk paletinde de dengeli ve n\u00f6tr tonlar tercih edilir.<br>\u2022 Beyaz, bej, a\u00e7\u0131k gri ve yumu\u015fak toprak tonlar\u0131 \u00f6n plandad\u0131r.<br>\u2022 Renk ge\u00e7i\u015fleri yumu\u015fak olmal\u0131; keskin kontrastlardan ka\u00e7\u0131n\u0131lmal\u0131d\u0131r.<br>\u2022 Tek renk mobilyalar yerine, ayn\u0131 tonun farkl\u0131 dokularla kullan\u0131lmas\u0131 \u00f6nerilir.<br>Bu sayede evinizde sade ama etkileyici bir atmosfer olu\u015fur.<\/li><li>Fonksiyonelli\u011fi ve Simetriyi \u00d6n Plana Al\u0131n<br>Japon minimalizmi, estetik kadar i\u015flevselli\u011fe de \u00f6nem verir. Kullan\u0131\u015fs\u0131z ya da sadece g\u00f6steri\u015f ama\u00e7l\u0131 e\u015fyalar bu anlay\u0131\u015fta yer bulmaz.<br>\u2022 Gerekti\u011finde gizlenebilen depolama sistemleri kullan\u0131l\u0131r.<br>\u2022 A\u00e7\u0131k raflar yerine sade dolaplar ve s\u00fcrg\u00fcl\u00fc kapaklar tercih edilir.<br>\u2022 Mobilyalar simetrik ve sade \u00e7izgilere sahip olmal\u0131d\u0131r.<br>Mekan i\u00e7inde ak\u0131\u015fkanl\u0131k ve hareket kolayl\u0131\u011f\u0131 sa\u011flanmal\u0131; karma\u015fa yerine uyum h\u00e2kim olmal\u0131d\u0131r.<\/li><li>Wabi-Sabi Esteti\u011fini Ke\u015ffedin<br>Japon estetik anlay\u0131\u015f\u0131nda \u00f6nemli bir kavram olan wabi-sabi, kusurlu olan\u0131n g\u00fczelli\u011fini kucaklar. Bu anlay\u0131\u015fla, zamanla eskimi\u015f ya da do\u011fall\u0131\u011f\u0131n\u0131 yitirmemi\u015f e\u015fyalar de\u011fer kazan\u0131r.<br>\u2022 M\u00fckemmel olmayan el yap\u0131m\u0131 seramikler<br>\u2022 Hafif \u00e7atlak ya da ya\u015fanm\u0131\u015fl\u0131k hissi ta\u015f\u0131yan objeler<br>\u2022 Do\u011fal dokulara sad\u0131k kal\u0131nm\u0131\u015f ah\u015fap y\u00fczeyler<br>Wabi-sabi, evinize yaln\u0131zca bir stil de\u011fil, ayn\u0131 zamanda fark\u0131ndal\u0131k ve huzur getirir.<\/li><\/ol>\n\n\n\n<p>Sessizlikteki Estetik<br>Japon minimalizmi; sadeli\u011fi, huzuru ve do\u011fall\u0131\u011f\u0131 bir araya getirerek \u201caz ile \u00e7ok \u015fey anlatma\u201d sanat\u0131n\u0131 ya\u015fat\u0131r. G\u00f6steri\u015ften uzak ama g\u00fc\u00e7l\u00fc bir stil arayanlar i\u00e7in ilham verici bir yakla\u015f\u0131m sunar. E\u011fer siz de evinizde sessiz ama derin bir etki yaratmak istiyorsan\u0131z, Japon minimalizmi tam da size g\u00f6re olabilir.<\/p>\n","protected":false},"excerpt":{"rendered":"<p>Az, asl\u0131nda daha fazlas\u0131d\u0131r. Japon minimalizmi bu felsefeyi sadece dekorasyon anlay\u0131\u015f\u0131yla de\u011fil, bir ya\u015fam bi\u00e7imi olarak da benimser. Sadeli\u011fin g\u00fcc\u00fcn\u00fc, do\u011fayla uyumu ve zihinsel huzuru merkezine alan bu [&hellip;]<\/p>\n","protected":false},"author":1,"featured_media":1114,"comment_status":"open","ping_status":"open","sticky":false,"template":"","format":"standard","meta":[],"categories":[1],"tags":[],"_links":{"self":[{"href":"https:\/\/www.estonsehirkoru.com\/blog\/wp-json\/wp\/v2\/posts\/1113"}],"collection":[{"href":"https:\/\/www.estonsehirkoru.com\/blog\/wp-json\/wp\/v2\/posts"}],"about":[{"href":"https:\/\/www.estonsehirkoru.com\/blog\/wp-json\/wp\/v2\/types\/post"}],"author":[{"embeddable":true,"href":"https:\/\/www.estonsehirkoru.com\/blog\/wp-json\/wp\/v2\/users\/1"}],"replies":[{"embeddable":true,"href":"https:\/\/www.estonsehirkoru.com\/blog\/wp-json\/wp\/v2\/comments?post=1113"}],"version-history":[{"count":1,"href":"https:\/\/www.estonsehirkoru.com\/blog\/wp-json\/wp\/v2\/posts\/1113\/revisions"}],"predecessor-version":[{"id":1115,"href":"https:\/\/www.estonsehirkoru.com\/blog\/wp-json\/wp\/v2\/posts\/1113\/revisions\/1115"}],"wp:featuredmedia":[{"embeddable":true,"href":"https:\/\/www.estonsehirkoru.com\/blog\/wp-json\/wp\/v2\/media\/1114"}],"wp:attachment":[{"href":"https:\/\/www.estonsehirkoru.com\/blog\/wp-json\/wp\/v2\/media?parent=1113"}],"wp:term":[{"taxonomy":"category","embeddable":true,"href":"https:\/\/www.estonsehirkoru.com\/blog\/wp-json\/wp\/v2\/categories?post=1113"},{"taxonomy":"post_tag","embeddable":true,"href":"https:\/\/www.estonsehirkoru.com\/blog\/wp-json\/wp\/v2\/tags?post=1113"}],"curies":[{"name":"wp","href":"https:\/\/api.w.org\/{rel}","templated":true}]}}