{"id":1096,"date":"2025-06-25T19:27:10","date_gmt":"2025-06-25T16:27:10","guid":{"rendered":"https:\/\/www.estonsehirkoru.com\/blog\/?p=1096"},"modified":"2025-06-25T19:27:11","modified_gmt":"2025-06-25T16:27:11","slug":"yaza-merhaba-civil-civil-ve-enerjik-dekorasyon-fikirleri","status":"publish","type":"post","link":"https:\/\/www.estonsehirkoru.com\/blog\/yaza-merhaba-civil-civil-ve-enerjik-dekorasyon-fikirleri\/","title":{"rendered":"Yaza Merhaba: C\u0131v\u0131l C\u0131v\u0131l ve Enerjik Dekorasyon Fikirleri"},"content":{"rendered":"\n<p>G\u00fcne\u015fin kendini daha \u00e7ok g\u00f6sterdi\u011fi, g\u00fcnlerin uzad\u0131\u011f\u0131 yaz mevsimi; evlerde de tazelenme ve renklenme zaman\u0131 demek. Ferah, ne\u015feli ve enerjik bir atmosfer yaratmak i\u00e7in ihtiyac\u0131n\u0131z olan \u015fey birka\u00e7 yarat\u0131c\u0131 dokunu\u015f ve bolca renk! Yaz\u0131n co\u015fkusunu i\u00e7 mekanlara ta\u015f\u0131yan dekorasyon fikirleriyle evinizde capcanl\u0131 bir hava estirebilirsiniz.<\/p>\n\n\n\n<p><strong>1. Renkleri Cesurca Kullan\u0131n<\/strong><\/p>\n\n\n\n<p>Yaz denince akla gelen canl\u0131 renkler: sar\u0131, turuncu, mercan, turkuaz ve limon ye\u015fili gibi tonlard\u0131r. Bu renkleri k\u00fc\u00e7\u00fck detaylarda ya da belirgin alanlarda kullanarak mekana dinamik bir ruh katabilirsiniz.<\/p>\n\n\n\n<ul><li><strong>Renkli k\u0131rlentler<\/strong>, tek bir dokunu\u015fla koltuklar\u0131 canland\u0131r\u0131r.<\/li><li><strong>Turkuaz bir sehpa<\/strong> ya da <strong>sar\u0131 bir sandalye<\/strong>, sade bir odaya hayat verir.<\/li><li>Renkli seramik aksesuarlar ya da cam objeler, \u0131\u015f\u0131\u011f\u0131 k\u0131rarak mekana yaz enerjisi katar.<\/li><\/ul>\n\n\n\n<p><strong>2. Hafif Kuma\u015flarla Ferahl\u0131k Kat\u0131n<\/strong><\/p>\n\n\n\n<p>Yaz dekorasyonunda kuma\u015f se\u00e7imi en \u00f6nemli detaylardan biridir. Kal\u0131n dokular yerine ince, nefes alan ve hafif kuma\u015flar tercih edilmelidir.<\/p>\n\n\n\n<ul><li><strong>T\u00fcl ya da keten perdeler<\/strong>, g\u00fcn \u0131\u015f\u0131\u011f\u0131n\u0131 i\u00e7eri davet eder.<\/li><li><strong>Pamuklu \u00f6rt\u00fcler<\/strong>, yatak odalar\u0131nda ve salonlarda hem konforlu hem mevsime uygun bir tercih olur.<\/li><li>Desenli masa \u00f6rt\u00fcleri, yaz sofralar\u0131n\u0131 bile dekorun par\u00e7as\u0131 haline getirir.<\/li><\/ul>\n\n\n\n<p><strong>3. Do\u011fan\u0131n Renklerini Evinize Ta\u015f\u0131y\u0131n<\/strong><\/p>\n\n\n\n<p>Yaz; \u00e7i\u00e7eklerin, denizin, g\u00fcne\u015fin mevsimidir. Bu do\u011fal g\u00fczellikleri evin i\u00e7ine ta\u015f\u0131maksa yaz dekorasyonunun alt\u0131n kural\u0131d\u0131r.<\/p>\n\n\n\n<ul><li><strong>Canl\u0131 \u00e7i\u00e7ekler<\/strong>, her k\u00f6\u015feye enerji katar. Papatya, lavanta, begonya gibi yaz \u00e7i\u00e7eklerini tercih edebilirsiniz.<\/li><li><strong>Bambu, rattan ya da has\u0131r detaylar<\/strong>, yazl\u0131k ev esteti\u011fini g\u00fc\u00e7lendirir.<\/li><li>Deniz kabuklar\u0131, ta\u015flar veya yaz tatillerinden kalan k\u00fc\u00e7\u00fck an\u0131larla olu\u015fturulmu\u015f bir k\u00f6\u015fe nostaljik bir yaz havas\u0131 yarat\u0131r.<\/li><\/ul>\n\n\n\n<p><strong>4. A\u00e7\u0131k Renk Zeminler ve Duvarlar<\/strong><\/p>\n\n\n\n<p>Beyaz, krem ya da a\u00e7\u0131k gri gibi tonlar yaz aylar\u0131nda ferah bir atmosfer yaratmak i\u00e7in idealdir. Bu renkler ayn\u0131 zamanda canl\u0131 detaylar\u0131 \u00f6n plana \u00e7\u0131kar\u0131r.<\/p>\n\n\n\n<ul><li>A\u00e7\u0131k renk bir duvar, \u00fczerine as\u0131lacak canl\u0131 renkli tablolarla uyumlu bir fon olu\u015fturur.<\/li><li>A\u00e7\u0131k ah\u015fap veya beyaz mobilyalar, g\u00fcne\u015f \u0131\u015f\u0131\u011f\u0131n\u0131 yans\u0131tarak mekan\u0131 daha ayd\u0131nl\u0131k g\u00f6sterir.<\/li><\/ul>\n\n\n\n<p><strong>5. Balkon ve Teraslara Yaz Dokunu\u015fu<\/strong><\/p>\n\n\n\n<p>Yaz\u0131n keyfi a\u00e7\u0131k alanlarda \u00e7\u0131kar. E\u011fer balkon ya da teras gibi bir alan\u0131n\u0131z varsa bu alanlar\u0131 renklendirmeyi unutmay\u0131n.<\/p>\n\n\n\n<ul><li>Renkli sandalye minderleri, k\u00fc\u00e7\u00fck masa \u00f6rt\u00fcleri, sark\u0131t lambalar bu alanlar\u0131 bir yaz bah\u00e7esine d\u00f6n\u00fc\u015ft\u00fcr\u00fcr.<\/li><li>Minik saks\u0131larda fesle\u011fen, nane gibi kokulu bitkiler ekleyerek hem g\u00f6rsel hem duyusal bir yenilik katabilirsiniz.<\/li><\/ul>\n\n\n\n<p><strong>Sonu\u00e7: Ne\u015feli Mekanlar, Hafif Ruhlar<\/strong><\/p>\n\n\n\n<p>Yaz dekorasyonu; sadelikten \u00f6d\u00fcn vermeden, do\u011fayla uyumlu ama bir o kadar da enerjik bir anlay\u0131\u015f sunar. Renkleri cesurca kulland\u0131\u011f\u0131n\u0131zda, hafif dokularla destekledi\u011finizde ve do\u011fan\u0131n g\u00fczelliklerini i\u00e7eri ta\u015f\u0131d\u0131\u011f\u0131n\u0131zda; evinizde yaz\u0131n ritmini hissettirecek o c\u0131v\u0131l c\u0131v\u0131l atmosferi kolayca yakalayabilirsiniz.<\/p>\n","protected":false},"excerpt":{"rendered":"<p>G\u00fcne\u015fin kendini daha \u00e7ok g\u00f6sterdi\u011fi, g\u00fcnlerin uzad\u0131\u011f\u0131 yaz mevsimi; evlerde de tazelenme ve renklenme zaman\u0131 demek. Ferah, ne\u015feli ve enerjik bir atmosfer yaratmak i\u00e7in ihtiyac\u0131n\u0131z olan \u015fey birka\u00e7 [&hellip;]<\/p>\n","protected":false},"author":1,"featured_media":1097,"comment_status":"open","ping_status":"open","sticky":false,"template":"","format":"standard","meta":[],"categories":[1],"tags":[],"_links":{"self":[{"href":"https:\/\/www.estonsehirkoru.com\/blog\/wp-json\/wp\/v2\/posts\/1096"}],"collection":[{"href":"https:\/\/www.estonsehirkoru.com\/blog\/wp-json\/wp\/v2\/posts"}],"about":[{"href":"https:\/\/www.estonsehirkoru.com\/blog\/wp-json\/wp\/v2\/types\/post"}],"author":[{"embeddable":true,"href":"https:\/\/www.estonsehirkoru.com\/blog\/wp-json\/wp\/v2\/users\/1"}],"replies":[{"embeddable":true,"href":"https:\/\/www.estonsehirkoru.com\/blog\/wp-json\/wp\/v2\/comments?post=1096"}],"version-history":[{"count":1,"href":"https:\/\/www.estonsehirkoru.com\/blog\/wp-json\/wp\/v2\/posts\/1096\/revisions"}],"predecessor-version":[{"id":1098,"href":"https:\/\/www.estonsehirkoru.com\/blog\/wp-json\/wp\/v2\/posts\/1096\/revisions\/1098"}],"wp:featuredmedia":[{"embeddable":true,"href":"https:\/\/www.estonsehirkoru.com\/blog\/wp-json\/wp\/v2\/media\/1097"}],"wp:attachment":[{"href":"https:\/\/www.estonsehirkoru.com\/blog\/wp-json\/wp\/v2\/media?parent=1096"}],"wp:term":[{"taxonomy":"category","embeddable":true,"href":"https:\/\/www.estonsehirkoru.com\/blog\/wp-json\/wp\/v2\/categories?post=1096"},{"taxonomy":"post_tag","embeddable":true,"href":"https:\/\/www.estonsehirkoru.com\/blog\/wp-json\/wp\/v2\/tags?post=1096"}],"curies":[{"name":"wp","href":"https:\/\/api.w.org\/{rel}","templated":true}]}}