{"id":1072,"date":"2025-01-22T01:16:00","date_gmt":"2025-01-21T22:16:00","guid":{"rendered":"https:\/\/www.estonsehirkoru.com\/blog\/?p=1072"},"modified":"2025-01-28T01:17:52","modified_gmt":"2025-01-27T22:17:52","slug":"zarif-ama-fonksiyonel-mobilya-secimleri-icin-ipuclari","status":"publish","type":"post","link":"https:\/\/www.estonsehirkoru.com\/blog\/zarif-ama-fonksiyonel-mobilya-secimleri-icin-ipuclari\/","title":{"rendered":"Zarif Ama Fonksiyonel Mobilya Se\u00e7imleri \u0130\u00e7in \u0130pu\u00e7lar\u0131"},"content":{"rendered":"\n<p>Evinizi dekore ederken hem estetik hem de fonksiyonel mobilyalar se\u00e7mek \u00f6nemlidir. Zarif mobilyalar, mekan\u0131n\u0131za \u015f\u0131kl\u0131k katarak estetik bir ortam yarat\u0131rken, ayn\u0131 zamanda pratik olmal\u0131d\u0131r. \u0130\u015fte zarif ama fonksiyonel mobilya se\u00e7imleriniz i\u00e7in birka\u00e7 ipucu:<\/p>\n\n\n\n<ol type=\"1\"><li><strong>Alan\u0131n\u0131z\u0131 De\u011ferlendirin<\/strong>: Evinizdeki her alan\u0131n boyutunu ve i\u015flevini g\u00f6z \u00f6n\u00fcnde bulundurarak mobilya se\u00e7imi yapmal\u0131s\u0131n\u0131z. K\u00fc\u00e7\u00fck alanlarda \u00e7ok b\u00fcy\u00fck mobilyalar kullanmak, mekan\u0131 bo\u011fabilir. Bunun yerine, \u00f6l\u00e7\u00fclere uygun, \u00e7ok ama\u00e7l\u0131 mobilyalar tercih edebilirsiniz. \u00d6rne\u011fin, sehpalar\u0131n \u00e7ekmeceli olanlar\u0131 veya sand\u0131k gibi gizli depolama alanlar\u0131 sunan mobilyalar, alan\u0131n\u0131z\u0131 verimli kullanman\u0131za yard\u0131mc\u0131 olur.<\/li><li><strong>Fonksiyonel Tasar\u0131m<\/strong>: Zarif g\u00f6r\u00fcn\u00fcm\u00fcn yan\u0131 s\u0131ra mobilyalar\u0131n fonksiyonel olmas\u0131na da dikkat edin. \u00d6rne\u011fin, bir kanepe yata\u011fa d\u00f6n\u00fc\u015febiliyorsa veya masa ayn\u0131 zamanda \u00e7al\u0131\u015fma y\u00fczeyi olarak kullan\u0131labiliyorsa, bu t\u00fcr \u00e7ok y\u00f6nl\u00fc mobilyalar evde yer kazand\u0131r\u0131r ve i\u015flevsellik sa\u011flar.<\/li><li><strong>Renk ve Malzeme Se\u00e7imi<\/strong>: Mobilya se\u00e7iminde renk ve malzeme uyumu b\u00fcy\u00fck \u00f6nem ta\u015f\u0131r. Ah\u015fap, metal, cam gibi farkl\u0131 malzemelerle birle\u015ftirilmi\u015f mobilyalar, hem modern hem de klasik tarzda \u015f\u0131kl\u0131k sa\u011flar. Nat\u00fcrel renkler, mek\u00e2n\u0131 daha geni\u015f ve ferah g\u00f6stermekle birlikte, klasik mobilyalar i\u00e7in de do\u011fru bir se\u00e7im olabilir.<\/li><li><strong>Zarafet ve Pratikli\u011fi Bir Arada Sunan Mobilyalar<\/strong>: \u00d6rne\u011fin, bir yemek masas\u0131 ile birlikte gelen sandalyeler sadece \u015f\u0131k de\u011fil, ayn\u0131 zamanda yerden tasarruf sa\u011flayan t\u00fcrden olmal\u0131d\u0131r. Katlanabilir masalar ve sandalyeler, k\u00fc\u00e7\u00fck evler i\u00e7in idealdir. Ayr\u0131ca, oturma odas\u0131nda kullan\u0131lan sehpa, ayn\u0131 zamanda ekstra depolama alan\u0131 sunuyorsa, hem estetik hem de i\u015flevsellik sa\u011flar.<\/li><li><strong>E\u015fsiz ve Zamans\u0131z Tasar\u0131mlar<\/strong>: Mobilya se\u00e7iminde zamans\u0131z tasar\u0131mlar tercih edin. Minimalist ve sade tasar\u0131mlar, modas\u0131 ge\u00e7meden y\u0131llarca kullan\u0131labilir. Modern \u00e7izgilerle klasik detaylar\u0131n birle\u015ftirildi\u011fi mobilyalar, evinize zarif bir hava katar ve uzun \u00f6m\u00fcrl\u00fc kullan\u0131m sa\u011flar.<\/li><\/ol>\n\n\n\n<p>Bu ipu\u00e7lar\u0131yla zarif ve fonksiyonel mobilyalar se\u00e7erek, evinizi hem \u015f\u0131k hem de i\u015flevsel hale getirebilirsiniz. Evinizdeki her alan\u0131n ihtiya\u00e7lar\u0131na uygun mobilya se\u00e7imleriyle, ya\u015fam alanlar\u0131n\u0131z\u0131 daha konforlu ve estetik bir hale getirmek elinizde.<\/p>\n","protected":false},"excerpt":{"rendered":"<p>Evinizi dekore ederken hem estetik hem de fonksiyonel mobilyalar se\u00e7mek \u00f6nemlidir. Zarif mobilyalar, mekan\u0131n\u0131za \u015f\u0131kl\u0131k katarak estetik bir ortam yarat\u0131rken, ayn\u0131 zamanda pratik olmal\u0131d\u0131r. \u0130\u015fte zarif ama fonksiyonel [&hellip;]<\/p>\n","protected":false},"author":1,"featured_media":1073,"comment_status":"open","ping_status":"open","sticky":false,"template":"","format":"standard","meta":[],"categories":[1],"tags":[],"_links":{"self":[{"href":"https:\/\/www.estonsehirkoru.com\/blog\/wp-json\/wp\/v2\/posts\/1072"}],"collection":[{"href":"https:\/\/www.estonsehirkoru.com\/blog\/wp-json\/wp\/v2\/posts"}],"about":[{"href":"https:\/\/www.estonsehirkoru.com\/blog\/wp-json\/wp\/v2\/types\/post"}],"author":[{"embeddable":true,"href":"https:\/\/www.estonsehirkoru.com\/blog\/wp-json\/wp\/v2\/users\/1"}],"replies":[{"embeddable":true,"href":"https:\/\/www.estonsehirkoru.com\/blog\/wp-json\/wp\/v2\/comments?post=1072"}],"version-history":[{"count":1,"href":"https:\/\/www.estonsehirkoru.com\/blog\/wp-json\/wp\/v2\/posts\/1072\/revisions"}],"predecessor-version":[{"id":1074,"href":"https:\/\/www.estonsehirkoru.com\/blog\/wp-json\/wp\/v2\/posts\/1072\/revisions\/1074"}],"wp:featuredmedia":[{"embeddable":true,"href":"https:\/\/www.estonsehirkoru.com\/blog\/wp-json\/wp\/v2\/media\/1073"}],"wp:attachment":[{"href":"https:\/\/www.estonsehirkoru.com\/blog\/wp-json\/wp\/v2\/media?parent=1072"}],"wp:term":[{"taxonomy":"category","embeddable":true,"href":"https:\/\/www.estonsehirkoru.com\/blog\/wp-json\/wp\/v2\/categories?post=1072"},{"taxonomy":"post_tag","embeddable":true,"href":"https:\/\/www.estonsehirkoru.com\/blog\/wp-json\/wp\/v2\/tags?post=1072"}],"curies":[{"name":"wp","href":"https:\/\/api.w.org\/{rel}","templated":true}]}}