{"id":1043,"date":"2024-07-24T18:11:52","date_gmt":"2024-07-24T15:11:52","guid":{"rendered":"https:\/\/www.estonsehirkoru.com\/blog\/?p=1043"},"modified":"2024-07-24T18:11:52","modified_gmt":"2024-07-24T15:11:52","slug":"genc-odasi-dekorasyonu-ilham-verici-fikirler-ve-pratik-oneriler","status":"publish","type":"post","link":"https:\/\/www.estonsehirkoru.com\/blog\/genc-odasi-dekorasyonu-ilham-verici-fikirler-ve-pratik-oneriler\/","title":{"rendered":"Gen\u00e7 Odas\u0131 Dekorasyonu: \u0130lham Verici Fikirler ve Pratik \u00d6neriler"},"content":{"rendered":"\n<p>Gen\u00e7lik d\u00f6nemi, bireylerin kendilerini ifade etti\u011fi, \u00f6zg\u00fcnl\u00fcklerini ortaya koydu\u011fu bir zaman dilimidir. Bu nedenle, gen\u00e7 odas\u0131 d\u00fczenlemesi sadece bir yatak ve masa yerle\u015ftirmekten \u00f6te, onlar\u0131n ki\u015fisel tarz\u0131n\u0131 yans\u0131tan, fonksiyonel ve ilham verici bir alan yaratmay\u0131 gerektirir. \u0130\u015fte gen\u00e7 odas\u0131 d\u00fczenlemesiyle ilgili baz\u0131 \u00f6nemli fakt\u00f6rler ve uygulamaya y\u00f6nelik ipu\u00e7lar\u0131:<\/p>\n\n\n\n<p><strong>1. Gen\u00e7lerin Tarz\u0131n\u0131 Yans\u0131tan Renk Se\u00e7imi:<\/strong><\/p>\n\n\n\n<ul><li>Gen\u00e7 odas\u0131nda renk se\u00e7imi, odan\u0131n genel atmosferini belirler. Gen\u00e7ler genellikle parlak ve canl\u0131 renkleri tercih ederken, odan\u0131n boyutuna ve ayd\u0131nlatmas\u0131na uygun tonlar\u0131 se\u00e7meye \u00f6zen g\u00f6sterin. Duvarlar\u0131 tek renk boyamak yerine, bir duvar\u0131 vurgulayan veya desenli duvar ka\u011f\u0131d\u0131 kullanarak odan\u0131n dinamik bir g\u00f6r\u00fcn\u00fcm kazanmas\u0131n\u0131 sa\u011flayabilirsiniz.<\/li><\/ul>\n\n\n\n<p><strong>2. Fonksiyonel Mobilya Se\u00e7imi:<\/strong><\/p>\n\n\n\n<ul><li>Gen\u00e7lerin odalar\u0131nda fonksiyonellik \u00f6n planda olmal\u0131d\u0131r. Pratik depolama \u00e7\u00f6z\u00fcmleri, \u00e7al\u0131\u015fma alanlar\u0131 ve dinlenme k\u00f6\u015feleri gibi fonksiyonlar\u0131 bir arada sunan mobilyalar tercih edilmelidir. \u00c7ok ama\u00e7l\u0131 mobilyalar, odan\u0131n kullan\u0131m\u0131n\u0131 maksimize ederken d\u00fczeni de sa\u011flayacakt\u0131r.<\/li><\/ul>\n\n\n\n<p><strong>3. Ki\u015fisel Dokunu\u015flar ve \u00d6zg\u00fcn Detaylar:<\/strong><\/p>\n\n\n\n<ul><li>Gen\u00e7lerin odalar\u0131nda kendi ki\u015fisel tarzlar\u0131n\u0131 yans\u0131tan detaylar \u00f6nemlidir. Posterler, duvar \u00e7\u0131kartmalar\u0131, \u00f6zel foto\u011fraf \u00e7er\u00e7eveleri veya hobilerini yans\u0131tan dekoratif objelerle odan\u0131n karakterini peki\u015ftirebilirsiniz. Bu detaylar, gen\u00e7lerin odalar\u0131n\u0131 kendilerine ait bir alan haline getirmelerine yard\u0131mc\u0131 olacakt\u0131r.<\/li><\/ul>\n\n\n\n<p><strong>4. Ergonomik ve Kullan\u0131\u015fl\u0131 Ayd\u0131nlatma:<\/strong><\/p>\n\n\n\n<ul><li>Odan\u0131n do\u011fru ayd\u0131nlat\u0131lmas\u0131, gen\u00e7lerin \u00e7al\u0131\u015fma ve dinlenme aktivitelerini destekler. Okuma k\u00f6\u015feleri i\u00e7in lambalar, \u00e7al\u0131\u015fma masalar\u0131 i\u00e7in ayd\u0131nlatma \u00e7\u00f6z\u00fcmleri d\u00fc\u015f\u00fcnerek odan\u0131n i\u015flevselli\u011fini art\u0131rabilirsiniz. Ayd\u0131nlatma se\u00e7iminde enerji verimlili\u011fi de g\u00f6z \u00f6n\u00fcnde bulundurulmal\u0131d\u0131r.<\/li><\/ul>\n\n\n\n<p><strong>5. D\u00fczenli ve Organize Alanlar:<\/strong><\/p>\n\n\n\n<ul><li>Gen\u00e7 odalar\u0131nda d\u00fczen \u00f6nemlidir. Depolama \u00e7\u00f6z\u00fcmleri ile e\u015fyalar\u0131n kolayca eri\u015filebilir ve d\u00fczenli tutulabilece\u011fi alanlar olu\u015fturun. Raflar, kutular veya \u00e7ekmeceler gibi pratik depolama se\u00e7enekleriyle odan\u0131n d\u00fczenini sa\u011flayabilirsiniz.<\/li><\/ul>\n\n\n\n<p><strong>6. E\u011flenceli ve \u0130lham Verici Dekoratif Fikirler:<\/strong><\/p>\n\n\n\n<ul><li>Gen\u00e7lerin odalar\u0131nda e\u011flenceli ve yarat\u0131c\u0131 dekoratif fikirler kullanarak odan\u0131n atmosferini canland\u0131rabilirsiniz. Duvarlar\u0131 boyamak yerine duvar ka\u011f\u0131d\u0131 kullanarak veya de\u011fi\u015ftirilebilir duvar panelleriyle odan\u0131n dekorasyonunu mevsime veya gen\u00e7lerin zevkine g\u00f6re de\u011fi\u015ftirebilirsiniz.<\/li><\/ul>\n\n\n\n<p>Gen\u00e7 odas\u0131 d\u00fczenlemesi, gen\u00e7lerin ki\u015fisel geli\u015fimine ve kendini ifade etme s\u00fcre\u00e7lerine katk\u0131da bulunurken, ayn\u0131 zamanda i\u015flevselli\u011fi ve esteti\u011fi bir arada sunan bir yakla\u015f\u0131m gerektirir. Bu ipu\u00e7lar\u0131 ile gen\u00e7lerin odalar\u0131n\u0131 daha i\u015flevsel ve ki\u015fisel bir alan haline getirebilirsiniz.<\/p>\n","protected":false},"excerpt":{"rendered":"<p>Gen\u00e7lik d\u00f6nemi, bireylerin kendilerini ifade etti\u011fi, \u00f6zg\u00fcnl\u00fcklerini ortaya koydu\u011fu bir zaman dilimidir. Bu nedenle, gen\u00e7 odas\u0131 d\u00fczenlemesi sadece bir yatak ve masa yerle\u015ftirmekten \u00f6te, onlar\u0131n ki\u015fisel tarz\u0131n\u0131 yans\u0131tan, [&hellip;]<\/p>\n","protected":false},"author":1,"featured_media":1044,"comment_status":"open","ping_status":"open","sticky":false,"template":"","format":"standard","meta":[],"categories":[1],"tags":[],"_links":{"self":[{"href":"https:\/\/www.estonsehirkoru.com\/blog\/wp-json\/wp\/v2\/posts\/1043"}],"collection":[{"href":"https:\/\/www.estonsehirkoru.com\/blog\/wp-json\/wp\/v2\/posts"}],"about":[{"href":"https:\/\/www.estonsehirkoru.com\/blog\/wp-json\/wp\/v2\/types\/post"}],"author":[{"embeddable":true,"href":"https:\/\/www.estonsehirkoru.com\/blog\/wp-json\/wp\/v2\/users\/1"}],"replies":[{"embeddable":true,"href":"https:\/\/www.estonsehirkoru.com\/blog\/wp-json\/wp\/v2\/comments?post=1043"}],"version-history":[{"count":1,"href":"https:\/\/www.estonsehirkoru.com\/blog\/wp-json\/wp\/v2\/posts\/1043\/revisions"}],"predecessor-version":[{"id":1045,"href":"https:\/\/www.estonsehirkoru.com\/blog\/wp-json\/wp\/v2\/posts\/1043\/revisions\/1045"}],"wp:featuredmedia":[{"embeddable":true,"href":"https:\/\/www.estonsehirkoru.com\/blog\/wp-json\/wp\/v2\/media\/1044"}],"wp:attachment":[{"href":"https:\/\/www.estonsehirkoru.com\/blog\/wp-json\/wp\/v2\/media?parent=1043"}],"wp:term":[{"taxonomy":"category","embeddable":true,"href":"https:\/\/www.estonsehirkoru.com\/blog\/wp-json\/wp\/v2\/categories?post=1043"},{"taxonomy":"post_tag","embeddable":true,"href":"https:\/\/www.estonsehirkoru.com\/blog\/wp-json\/wp\/v2\/tags?post=1043"}],"curies":[{"name":"wp","href":"https:\/\/api.w.org\/{rel}","templated":true}]}}